{"id":4756,"date":"2025-10-30T13:08:14","date_gmt":"2025-10-30T13:08:14","guid":{"rendered":"https:\/\/www.ipvsl.com\/?p=4756"},"modified":"2026-01-28T13:15:22","modified_gmt":"2026-01-28T13:15:22","slug":"ipv-participara-en-la-reforma-i-ampliacio-de-larea-de-dilatacio-i-preparacio-al-part-de-lhospital-universitari-arnau-de-vilanova-de-lleida","status":"publish","type":"post","link":"https:\/\/www.ipvsl.com\/es\/ipv-participara-en-la-reforma-i-ampliacio-de-larea-de-dilatacio-i-preparacio-al-part-de-lhospital-universitari-arnau-de-vilanova-de-lleida\/","title":{"rendered":"IPV participar\u00e1 en la reforma y ampliaci\u00f3n del \u00c1rea de dilataci\u00f3n y preparaci\u00f3n al parto del Hospital Universitario Arnau de Vilanova de Lleida"},"content":{"rendered":"<p><strong>Instalaciones y Proyectos de Vanguardia S.L. (IPV)<\/strong> ha sido adjudicataria de las <strong>instalaciones de la reforma y ampliaci\u00f3n del \u00c1rea de dilataci\u00f3n y preparaci\u00f3n al parto<\/strong> del <strong>Bloque Obst\u00e9trico (planta 4) del Hospital Universitario Arnau de Vilanova de Lleida (HUAV).<\/strong><\/p>\n<p>El proyecto, con un presupuesto de <strong>280.783,20\u20ac (IVA incluido),<\/strong> incluye un conjunto de actuaciones integrales para la renovaci\u00f3n de las instalaciones el\u00e9ctricas y especiales, garantizando un espacio moderno, seguro y adaptado a las necesidades asistenciales actuales.<\/p>\n<p><strong>Principales actuaciones previstas:<\/strong><\/p>\n<ul>\n<li>Renovaci\u00f3n completa de las <strong>instalaciones el\u00e9ctricas<\/strong> y de alumbrado.<\/li>\n<li>Nuevas <strong>instalaciones de voz y datos<\/strong> para el equipamiento m\u00e9dico y de gesti\u00f3n.<\/li>\n<li>Sistemas de <strong>aviso a enfermer\u00eda<\/strong> en ba\u00f1os y cabezales de cama.<\/li>\n<li>Nuevas <strong>instalaciones de climatizaci\u00f3n y ventilaci\u00f3n<\/strong>.<\/li>\n<li>Mejoras en las redes de <strong>fontaner\u00eda y saneamiento<\/strong>.<\/li>\n<li>Reforma de los <strong>grifos y elementos sanitarios<\/strong>.<\/li>\n<li>Mejoras en la <strong>seguridad y salud laboral<\/strong> asociadas al proyecto.<\/li>\n<\/ul>\n<p>Con esta actuaci\u00f3n se dotar\u00e1 al Bloque Obst\u00e9trico del Hospital Universitario Arnau de Vilanova de Lleida de un espacio renovado, m\u00e1s funcional y confortable, pensado tanto para las pacientes como para los profesionales sanitarios que desarrollan su labor diaria.<\/p>","protected":false},"excerpt":{"rendered":"<p>Instalaciones y Proyectos de Vanguardia S.L. (IPV) ha sido adjudicataria de las instalaciones de la reforma y ampliaci\u00f3n del \u00c1rea de dilataci\u00f3n y preparaci\u00f3n al parto del Bloque Obst\u00e9trico (planta 4) del Hospital Universitario Arnau de Vilanova de Lleida (HUAV). El proyecto, con un presupuesto de 280.783,20\u20ac (IVA incluido), incluye un conjunto de actuaciones integrales [&hellip;]<\/p>\n","protected":false},"author":3,"featured_media":4757,"comment_status":"closed","ping_status":"open","sticky":false,"template":"","format":"standard","meta":{"footnotes":""},"categories":[1],"tags":[107,137,68,16,31],"class_list":["post-4756","post","type-post","status-publish","format-standard","has-post-thumbnail","hentry","category-sin-categoria","tag-electricitat","tag-hospital-arnau-de-vilanova","tag-installacions","tag-ipv","tag-lleida"],"yoast_head":"<!-- This site is optimized with the Yoast SEO plugin v25.7 - https:\/\/yoast.com\/wordpress\/plugins\/seo\/ -->\n<title>IPV participar\u00e1 en la reforma y ampliaci\u00f3n del \u00c1rea de dilataci\u00f3n y preparaci\u00f3n al parto del Hospital Universitario Arnau de Vilanova de Lleida - IPV SL<\/title>\n<meta name=\"robots\" content=\"index, follow, max-snippet:-1, max-image-preview:large, max-video-preview:-1\" \/>\n<link rel=\"canonical\" href=\"https:\/\/www.ipvsl.com\/ipv-participara-en-la-reforma-i-ampliacio-de-larea-de-dilatacio-i-preparacio-al-part-de-lhospital-universitari-arnau-de-vilanova-de-lleida\/\" \/>\n<meta property=\"og:locale\" content=\"es_ES\" \/>\n<meta property=\"og:type\" content=\"article\" \/>\n<meta property=\"og:title\" content=\"[:es]IPV participar\u00e1 en la reforma y ampliaci\u00f3n del \u00c1rea de dilataci\u00f3n y preparaci\u00f3n al parto del Hospital Universitario Arnau de Vilanova de Lleida[:ca]IPV participar\u00e0 en la reforma i ampliaci\u00f3 de l\u2019\u00c0rea de dilataci\u00f3 i preparaci\u00f3 al part de l\u2019Hospital Universitari Arnau de Vilanova de Lleida[:] - IPV SL\" \/>\n<meta property=\"og:description\" content=\"Instalaciones y Proyectos de Vanguardia S.L. (IPV) ha sido adjudicataria de las instalaciones de la reforma y ampliaci\u00f3n del \u00c1rea de dilataci\u00f3n y preparaci\u00f3n al parto del Bloque Obst\u00e9trico (planta 4) del Hospital Universitario Arnau de Vilanova de Lleida (HUAV). El proyecto, con un presupuesto de 280.783,20\u20ac (IVA incluido), incluye un conjunto de actuaciones integrales [&hellip;]\" \/>\n<meta property=\"og:url\" content=\"https:\/\/www.ipvsl.com\/ipv-participara-en-la-reforma-i-ampliacio-de-larea-de-dilatacio-i-preparacio-al-part-de-lhospital-universitari-arnau-de-vilanova-de-lleida\/\" \/>\n<meta property=\"og:site_name\" content=\"IPV SL\" \/>\n<meta property=\"article:published_time\" content=\"2025-10-30T13:08:14+00:00\" \/>\n<meta property=\"article:modified_time\" content=\"2026-01-28T13:15:22+00:00\" \/>\n<meta property=\"og:image\" content=\"https:\/\/www.ipvsl.com\/wp-content\/uploads\/2026\/01\/hospital-arnau-vilanova-2-728.jpg\" \/>\n\t<meta property=\"og:image:width\" content=\"728\" \/>\n\t<meta property=\"og:image:height\" content=\"350\" \/>\n\t<meta property=\"og:image:type\" content=\"image\/jpeg\" \/>\n<meta name=\"author\" content=\"Txell Moragues\" \/>\n<meta name=\"twitter:card\" content=\"summary_large_image\" \/>\n<meta name=\"twitter:label1\" content=\"Escrito por\" \/>\n\t<meta name=\"twitter:data1\" content=\"Txell Moragues\" \/>\n\t<meta name=\"twitter:label2\" content=\"Tiempo de lectura\" \/>\n\t<meta name=\"twitter:data2\" content=\"2 minutos\" \/>\n<script type=\"application\/ld+json\" class=\"yoast-schema-graph\">{\"@context\":\"https:\/\/schema.org\",\"@graph\":[{\"@type\":\"WebPage\",\"@id\":\"https:\/\/www.ipvsl.com\/ipv-participara-en-la-reforma-i-ampliacio-de-larea-de-dilatacio-i-preparacio-al-part-de-lhospital-universitari-arnau-de-vilanova-de-lleida\/\",\"url\":\"https:\/\/www.ipvsl.com\/ipv-participara-en-la-reforma-i-ampliacio-de-larea-de-dilatacio-i-preparacio-al-part-de-lhospital-universitari-arnau-de-vilanova-de-lleida\/\",\"name\":\"[:es]IPV participar\u00e1 en la reforma y ampliaci\u00f3n del \u00c1rea de dilataci\u00f3n y preparaci\u00f3n al parto del Hospital Universitario Arnau de Vilanova de Lleida[:ca]IPV participar\u00e0 en la reforma i ampliaci\u00f3 de l\u2019\u00c0rea de dilataci\u00f3 i preparaci\u00f3 al part de l\u2019Hospital Universitari Arnau de Vilanova de Lleida[:] - IPV SL\",\"isPartOf\":{\"@id\":\"https:\/\/www.ipvsl.com\/#website\"},\"primaryImageOfPage\":{\"@id\":\"https:\/\/www.ipvsl.com\/ipv-participara-en-la-reforma-i-ampliacio-de-larea-de-dilatacio-i-preparacio-al-part-de-lhospital-universitari-arnau-de-vilanova-de-lleida\/#primaryimage\"},\"image\":{\"@id\":\"https:\/\/www.ipvsl.com\/ipv-participara-en-la-reforma-i-ampliacio-de-larea-de-dilatacio-i-preparacio-al-part-de-lhospital-universitari-arnau-de-vilanova-de-lleida\/#primaryimage\"},\"thumbnailUrl\":\"https:\/\/www.ipvsl.com\/wp-content\/uploads\/2026\/01\/hospital-arnau-vilanova-2-728.jpg\",\"datePublished\":\"2025-10-30T13:08:14+00:00\",\"dateModified\":\"2026-01-28T13:15:22+00:00\",\"author\":{\"@id\":\"https:\/\/www.ipvsl.com\/#\/schema\/person\/d64d9aacb7978c883c2acd678554fd25\"},\"breadcrumb\":{\"@id\":\"https:\/\/www.ipvsl.com\/ipv-participara-en-la-reforma-i-ampliacio-de-larea-de-dilatacio-i-preparacio-al-part-de-lhospital-universitari-arnau-de-vilanova-de-lleida\/#breadcrumb\"},\"inLanguage\":\"es\",\"potentialAction\":[{\"@type\":\"ReadAction\",\"target\":[\"https:\/\/www.ipvsl.com\/ipv-participara-en-la-reforma-i-ampliacio-de-larea-de-dilatacio-i-preparacio-al-part-de-lhospital-universitari-arnau-de-vilanova-de-lleida\/\"]}]},{\"@type\":\"ImageObject\",\"inLanguage\":\"es\",\"@id\":\"https:\/\/www.ipvsl.com\/ipv-participara-en-la-reforma-i-ampliacio-de-larea-de-dilatacio-i-preparacio-al-part-de-lhospital-universitari-arnau-de-vilanova-de-lleida\/#primaryimage\",\"url\":\"https:\/\/www.ipvsl.com\/wp-content\/uploads\/2026\/01\/hospital-arnau-vilanova-2-728.jpg\",\"contentUrl\":\"https:\/\/www.ipvsl.com\/wp-content\/uploads\/2026\/01\/hospital-arnau-vilanova-2-728.jpg\",\"width\":\"728\",\"height\":\"350\",\"caption\":\"Hospital Arnau de Vilanova\"},{\"@type\":\"BreadcrumbList\",\"@id\":\"https:\/\/www.ipvsl.com\/ipv-participara-en-la-reforma-i-ampliacio-de-larea-de-dilatacio-i-preparacio-al-part-de-lhospital-universitari-arnau-de-vilanova-de-lleida\/#breadcrumb\",\"itemListElement\":[{\"@type\":\"ListItem\",\"position\":1,\"name\":\"Portada\",\"item\":\"https:\/\/www.ipvsl.com\/\"},{\"@type\":\"ListItem\",\"position\":2,\"name\":\"IPV participar\u00e0 en la reforma i ampliaci\u00f3 de l\u2019\u00c0rea de dilataci\u00f3 i preparaci\u00f3 al part de l\u2019Hospital Universitari Arnau de Vilanova de Lleida\"}]},{\"@type\":\"WebSite\",\"@id\":\"https:\/\/www.ipvsl.com\/#website\",\"url\":\"https:\/\/www.ipvsl.com\/\",\"name\":\"IPV SL\",\"description\":\"IPV SL\",\"potentialAction\":[{\"@type\":\"SearchAction\",\"target\":{\"@type\":\"EntryPoint\",\"urlTemplate\":\"https:\/\/www.ipvsl.com\/?s={search_term_string}\"},\"query-input\":{\"@type\":\"PropertyValueSpecification\",\"valueRequired\":true,\"valueName\":\"search_term_string\"}}],\"inLanguage\":\"es\"},{\"@type\":\"Person\",\"@id\":\"https:\/\/www.ipvsl.com\/#\/schema\/person\/d64d9aacb7978c883c2acd678554fd25\",\"name\":\"Txell Moragues\",\"image\":{\"@type\":\"ImageObject\",\"inLanguage\":\"es\",\"@id\":\"https:\/\/www.ipvsl.com\/#\/schema\/person\/image\/\",\"url\":\"https:\/\/secure.gravatar.com\/avatar\/0663f85ffea1f1bd091bb905ca1fdb86c0d9bb82ad14b748cb0f028d4adc2ec8?s=96&d=mm&r=g\",\"contentUrl\":\"https:\/\/secure.gravatar.com\/avatar\/0663f85ffea1f1bd091bb905ca1fdb86c0d9bb82ad14b748cb0f028d4adc2ec8?s=96&d=mm&r=g\",\"caption\":\"Txell Moragues\"},\"url\":\"https:\/\/www.ipvsl.com\/es\/author\/carlos\/\"}]}<\/script>\n<!-- \/ Yoast SEO plugin. -->","yoast_head_json":{"title":"[:es]IPV participar\u00e1 en la reforma y ampliaci\u00f3n del \u00c1rea de dilataci\u00f3n y preparaci\u00f3n al parto del Hospital Universitario Arnau de Vilanova de Lleida[:ca]IPV participar\u00e0 en la reforma i ampliaci\u00f3 de l\u2019\u00c0rea de dilataci\u00f3 i preparaci\u00f3 al part de l\u2019Hospital Universitari Arnau de Vilanova de Lleida[:] - IPV SL","robots":{"index":"index","follow":"follow","max-snippet":"max-snippet:-1","max-image-preview":"max-image-preview:large","max-video-preview":"max-video-preview:-1"},"canonical":"https:\/\/www.ipvsl.com\/ipv-participara-en-la-reforma-i-ampliacio-de-larea-de-dilatacio-i-preparacio-al-part-de-lhospital-universitari-arnau-de-vilanova-de-lleida\/","og_locale":"es_ES","og_type":"article","og_title":"[:es]IPV participar\u00e1 en la reforma y ampliaci\u00f3n del \u00c1rea de dilataci\u00f3n y preparaci\u00f3n al parto del Hospital Universitario Arnau de Vilanova de Lleida[:ca]IPV participar\u00e0 en la reforma i ampliaci\u00f3 de l\u2019\u00c0rea de dilataci\u00f3 i preparaci\u00f3 al part de l\u2019Hospital Universitari Arnau de Vilanova de Lleida[:] - IPV SL","og_description":"Instalaciones y Proyectos de Vanguardia S.L. (IPV) ha sido adjudicataria de las instalaciones de la reforma y ampliaci\u00f3n del \u00c1rea de dilataci\u00f3n y preparaci\u00f3n al parto del Bloque Obst\u00e9trico (planta 4) del Hospital Universitario Arnau de Vilanova de Lleida (HUAV). El proyecto, con un presupuesto de 280.783,20\u20ac (IVA incluido), incluye un conjunto de actuaciones integrales [&hellip;]","og_url":"https:\/\/www.ipvsl.com\/ipv-participara-en-la-reforma-i-ampliacio-de-larea-de-dilatacio-i-preparacio-al-part-de-lhospital-universitari-arnau-de-vilanova-de-lleida\/","og_site_name":"IPV SL","article_published_time":"2025-10-30T13:08:14+00:00","article_modified_time":"2026-01-28T13:15:22+00:00","og_image":[{"width":728,"height":350,"url":"https:\/\/www.ipvsl.com\/wp-content\/uploads\/2026\/01\/hospital-arnau-vilanova-2-728.jpg","type":"image\/jpeg"}],"author":"Txell Moragues","twitter_card":"summary_large_image","twitter_misc":{"Escrito por":"Txell Moragues","Tiempo de lectura":"2 minutos"},"schema":{"@context":"https:\/\/schema.org","@graph":[{"@type":"WebPage","@id":"https:\/\/www.ipvsl.com\/ipv-participara-en-la-reforma-i-ampliacio-de-larea-de-dilatacio-i-preparacio-al-part-de-lhospital-universitari-arnau-de-vilanova-de-lleida\/","url":"https:\/\/www.ipvsl.com\/ipv-participara-en-la-reforma-i-ampliacio-de-larea-de-dilatacio-i-preparacio-al-part-de-lhospital-universitari-arnau-de-vilanova-de-lleida\/","name":"[:es]IPV participar\u00e1 en la reforma y ampliaci\u00f3n del \u00c1rea de dilataci\u00f3n y preparaci\u00f3n al parto del Hospital Universitario Arnau de Vilanova de Lleida[:ca]IPV participar\u00e0 en la reforma i ampliaci\u00f3 de l\u2019\u00c0rea de dilataci\u00f3 i preparaci\u00f3 al part de l\u2019Hospital Universitari Arnau de Vilanova de Lleida[:] - IPV SL","isPartOf":{"@id":"https:\/\/www.ipvsl.com\/#website"},"primaryImageOfPage":{"@id":"https:\/\/www.ipvsl.com\/ipv-participara-en-la-reforma-i-ampliacio-de-larea-de-dilatacio-i-preparacio-al-part-de-lhospital-universitari-arnau-de-vilanova-de-lleida\/#primaryimage"},"image":{"@id":"https:\/\/www.ipvsl.com\/ipv-participara-en-la-reforma-i-ampliacio-de-larea-de-dilatacio-i-preparacio-al-part-de-lhospital-universitari-arnau-de-vilanova-de-lleida\/#primaryimage"},"thumbnailUrl":"https:\/\/www.ipvsl.com\/wp-content\/uploads\/2026\/01\/hospital-arnau-vilanova-2-728.jpg","datePublished":"2025-10-30T13:08:14+00:00","dateModified":"2026-01-28T13:15:22+00:00","author":{"@id":"https:\/\/www.ipvsl.com\/#\/schema\/person\/d64d9aacb7978c883c2acd678554fd25"},"breadcrumb":{"@id":"https:\/\/www.ipvsl.com\/ipv-participara-en-la-reforma-i-ampliacio-de-larea-de-dilatacio-i-preparacio-al-part-de-lhospital-universitari-arnau-de-vilanova-de-lleida\/#breadcrumb"},"inLanguage":"es","potentialAction":[{"@type":"ReadAction","target":["https:\/\/www.ipvsl.com\/ipv-participara-en-la-reforma-i-ampliacio-de-larea-de-dilatacio-i-preparacio-al-part-de-lhospital-universitari-arnau-de-vilanova-de-lleida\/"]}]},{"@type":"ImageObject","inLanguage":"es","@id":"https:\/\/www.ipvsl.com\/ipv-participara-en-la-reforma-i-ampliacio-de-larea-de-dilatacio-i-preparacio-al-part-de-lhospital-universitari-arnau-de-vilanova-de-lleida\/#primaryimage","url":"https:\/\/www.ipvsl.com\/wp-content\/uploads\/2026\/01\/hospital-arnau-vilanova-2-728.jpg","contentUrl":"https:\/\/www.ipvsl.com\/wp-content\/uploads\/2026\/01\/hospital-arnau-vilanova-2-728.jpg","width":"728","height":"350","caption":"Hospital Arnau de Vilanova"},{"@type":"BreadcrumbList","@id":"https:\/\/www.ipvsl.com\/ipv-participara-en-la-reforma-i-ampliacio-de-larea-de-dilatacio-i-preparacio-al-part-de-lhospital-universitari-arnau-de-vilanova-de-lleida\/#breadcrumb","itemListElement":[{"@type":"ListItem","position":1,"name":"Portada","item":"https:\/\/www.ipvsl.com\/"},{"@type":"ListItem","position":2,"name":"IPV participar\u00e0 en la reforma i ampliaci\u00f3 de l\u2019\u00c0rea de dilataci\u00f3 i preparaci\u00f3 al part de l\u2019Hospital Universitari Arnau de Vilanova de Lleida"}]},{"@type":"WebSite","@id":"https:\/\/www.ipvsl.com\/#website","url":"https:\/\/www.ipvsl.com\/","name":"IPV SL","description":"IPV SL","potentialAction":[{"@type":"SearchAction","target":{"@type":"EntryPoint","urlTemplate":"https:\/\/www.ipvsl.com\/?s={search_term_string}"},"query-input":{"@type":"PropertyValueSpecification","valueRequired":true,"valueName":"search_term_string"}}],"inLanguage":"es"},{"@type":"Person","@id":"https:\/\/www.ipvsl.com\/#\/schema\/person\/d64d9aacb7978c883c2acd678554fd25","name":"Txell Moragues","image":{"@type":"ImageObject","inLanguage":"es","@id":"https:\/\/www.ipvsl.com\/#\/schema\/person\/image\/","url":"https:\/\/secure.gravatar.com\/avatar\/0663f85ffea1f1bd091bb905ca1fdb86c0d9bb82ad14b748cb0f028d4adc2ec8?s=96&d=mm&r=g","contentUrl":"https:\/\/secure.gravatar.com\/avatar\/0663f85ffea1f1bd091bb905ca1fdb86c0d9bb82ad14b748cb0f028d4adc2ec8?s=96&d=mm&r=g","caption":"Txell Moragues"},"url":"https:\/\/www.ipvsl.com\/es\/author\/carlos\/"}]}},"_links":{"self":[{"href":"https:\/\/www.ipvsl.com\/es\/wp-json\/wp\/v2\/posts\/4756","targetHints":{"allow":["GET"]}}],"collection":[{"href":"https:\/\/www.ipvsl.com\/es\/wp-json\/wp\/v2\/posts"}],"about":[{"href":"https:\/\/www.ipvsl.com\/es\/wp-json\/wp\/v2\/types\/post"}],"author":[{"embeddable":true,"href":"https:\/\/www.ipvsl.com\/es\/wp-json\/wp\/v2\/users\/3"}],"replies":[{"embeddable":true,"href":"https:\/\/www.ipvsl.com\/es\/wp-json\/wp\/v2\/comments?post=4756"}],"version-history":[{"count":1,"href":"https:\/\/www.ipvsl.com\/es\/wp-json\/wp\/v2\/posts\/4756\/revisions"}],"predecessor-version":[{"id":4758,"href":"https:\/\/www.ipvsl.com\/es\/wp-json\/wp\/v2\/posts\/4756\/revisions\/4758"}],"wp:featuredmedia":[{"embeddable":true,"href":"https:\/\/www.ipvsl.com\/es\/wp-json\/wp\/v2\/media\/4757"}],"wp:attachment":[{"href":"https:\/\/www.ipvsl.com\/es\/wp-json\/wp\/v2\/media?parent=4756"}],"wp:term":[{"taxonomy":"category","embeddable":true,"href":"https:\/\/www.ipvsl.com\/es\/wp-json\/wp\/v2\/categories?post=4756"},{"taxonomy":"post_tag","embeddable":true,"href":"https:\/\/www.ipvsl.com\/es\/wp-json\/wp\/v2\/tags?post=4756"}],"curies":[{"name":"wp","href":"https:\/\/api.w.org\/{rel}","templated":true}]}}