{"id":4734,"date":"2025-02-25T12:37:21","date_gmt":"2025-02-25T12:37:21","guid":{"rendered":"https:\/\/www.ipvsl.com\/?p=4734"},"modified":"2025-02-25T12:40:22","modified_gmt":"2025-02-25T12:40:22","slug":"ipv-estrena-un-nou-vehicle-per-als-manteniments","status":"publish","type":"post","link":"https:\/\/www.ipvsl.com\/es\/ipv-estrena-un-nou-vehicle-per-als-manteniments\/","title":{"rendered":"IPV estrena un nuevo veh\u00edculo para los mantenimientos"},"content":{"rendered":"<p>En IPV, nuestra misi\u00f3n es ofrecer soluciones innovadoras y de calidad para las necesidades del sector el\u00e9ctrico. Con esta visi\u00f3n, nos complace anunciar la incorporaci\u00f3n de un nuevo veh\u00edculo comercial a nuestra flota, especialmente dise\u00f1ado para las labores de mantenimiento de instalaciones el\u00e9ctricas de alta (AT) y media tensi\u00f3n (MT), parques fotovoltaicos, alumbrados p\u00fablicos, y sistemas de control y vigilancia.<\/p>\n<p>Este nuevo veh\u00edculo de \u00faltima generaci\u00f3n nos permitir\u00e1 realizar nuestros servicios con mayor agilidad y eficiencia. Equipado con las \u00faltimas tecnolog\u00edas y herramientas especializadas, optimiza tanto el mantenimiento preventivo como el correctivo, asegur\u00e1ndonos que las instalaciones est\u00e9n siempre en condiciones \u00f3ptimas y seguras para nuestros clientes.<\/p>\n<p>En IPV estamos comprometidos a garantizar un servicio de m\u00e1xima fiabilidad en todos nuestros proyectos y mantenimientos. La incorporaci\u00f3n de este nuevo veh\u00edculo representa un importante avance en nuestra capacidad para ofrecer un servicio de excelencia, mejorando la seguridad, la calidad y la rapidez de nuestras intervenciones.<\/p>\n<p>Para obtener m\u00e1s informaci\u00f3n sobre nuestros servicios de mantenimiento, no dude en visitar nuestra p\u00e1gina web <a href=\"https:\/\/www.ipvsl.com\/es\/manteniments\/\">https:\/\/www.ipvsl.com\/es\/manteniments\/<\/a> o contactar directamente con nosotros <a href=\"https:\/\/www.ipvsl.com\/es\/com-contactar\/\">https:\/\/www.ipvsl.com\/es\/com-contactar\/<\/a>.<\/p>","protected":false},"excerpt":{"rendered":"<p>En IPV, nuestra misi\u00f3n es ofrecer soluciones innovadoras y de calidad para las necesidades del sector el\u00e9ctrico. Con esta visi\u00f3n, nos complace anunciar la incorporaci\u00f3n de un nuevo veh\u00edculo comercial a nuestra flota, especialmente dise\u00f1ado para las labores de mantenimiento de instalaciones el\u00e9ctricas de alta (AT) y media tensi\u00f3n (MT), parques fotovoltaicos, alumbrados p\u00fablicos, y [&hellip;]<\/p>\n","protected":false},"author":3,"featured_media":4735,"comment_status":"closed","ping_status":"open","sticky":false,"template":"","format":"standard","meta":{"footnotes":""},"categories":[1],"tags":[107,116,17,68,22,80],"class_list":["post-4734","post","type-post","status-publish","format-standard","has-post-thumbnail","hentry","category-sin-categoria","tag-electricitat","tag-empresa","tag-energia","tag-installacions","tag-manteniment","tag-sempre-al-costat-dels-nostres-clients"],"yoast_head":"<!-- This site is optimized with the Yoast SEO plugin v25.7 - https:\/\/yoast.com\/wordpress\/plugins\/seo\/ -->\n<title>IPV estrena un nuevo veh\u00edculo para los mantenimientos  - IPV SL<\/title>\n<meta name=\"robots\" content=\"index, follow, max-snippet:-1, max-image-preview:large, max-video-preview:-1\" \/>\n<link rel=\"canonical\" href=\"https:\/\/www.ipvsl.com\/ipv-estrena-un-nou-vehicle-per-als-manteniments\/\" \/>\n<meta property=\"og:locale\" content=\"es_ES\" \/>\n<meta property=\"og:type\" content=\"article\" \/>\n<meta property=\"og:title\" content=\"[:es]IPV estrena un nuevo veh\u00edculo para los mantenimientos [:ca]IPV estrena un nou vehicle per als manteniments [:] - IPV SL\" \/>\n<meta property=\"og:description\" content=\"En IPV, nuestra misi\u00f3n es ofrecer soluciones innovadoras y de calidad para las necesidades del sector el\u00e9ctrico. Con esta visi\u00f3n, nos complace anunciar la incorporaci\u00f3n de un nuevo veh\u00edculo comercial a nuestra flota, especialmente dise\u00f1ado para las labores de mantenimiento de instalaciones el\u00e9ctricas de alta (AT) y media tensi\u00f3n (MT), parques fotovoltaicos, alumbrados p\u00fablicos, y [&hellip;]\" \/>\n<meta property=\"og:url\" content=\"https:\/\/www.ipvsl.com\/ipv-estrena-un-nou-vehicle-per-als-manteniments\/\" \/>\n<meta property=\"og:site_name\" content=\"IPV SL\" \/>\n<meta property=\"article:published_time\" content=\"2025-02-25T12:37:21+00:00\" \/>\n<meta property=\"article:modified_time\" content=\"2025-02-25T12:40:22+00:00\" \/>\n<meta property=\"og:image\" content=\"https:\/\/www.ipvsl.com\/wp-content\/uploads\/2025\/02\/nou-vehicle-per-manteniment-scaled.jpeg\" \/>\n\t<meta property=\"og:image:width\" content=\"2560\" \/>\n\t<meta property=\"og:image:height\" content=\"1810\" \/>\n\t<meta property=\"og:image:type\" content=\"image\/jpeg\" \/>\n<meta name=\"author\" content=\"Txell Moragues\" \/>\n<meta name=\"twitter:card\" content=\"summary_large_image\" \/>\n<meta name=\"twitter:label1\" content=\"Escrito por\" \/>\n\t<meta name=\"twitter:data1\" content=\"Txell Moragues\" \/>\n\t<meta name=\"twitter:label2\" content=\"Tiempo de lectura\" \/>\n\t<meta name=\"twitter:data2\" content=\"1 minuto\" \/>\n<script type=\"application\/ld+json\" class=\"yoast-schema-graph\">{\"@context\":\"https:\/\/schema.org\",\"@graph\":[{\"@type\":\"WebPage\",\"@id\":\"https:\/\/www.ipvsl.com\/ipv-estrena-un-nou-vehicle-per-als-manteniments\/\",\"url\":\"https:\/\/www.ipvsl.com\/ipv-estrena-un-nou-vehicle-per-als-manteniments\/\",\"name\":\"[:es]IPV estrena un nuevo veh\u00edculo para los mantenimientos [:ca]IPV estrena un nou vehicle per als manteniments [:] - IPV SL\",\"isPartOf\":{\"@id\":\"https:\/\/www.ipvsl.com\/#website\"},\"primaryImageOfPage\":{\"@id\":\"https:\/\/www.ipvsl.com\/ipv-estrena-un-nou-vehicle-per-als-manteniments\/#primaryimage\"},\"image\":{\"@id\":\"https:\/\/www.ipvsl.com\/ipv-estrena-un-nou-vehicle-per-als-manteniments\/#primaryimage\"},\"thumbnailUrl\":\"https:\/\/www.ipvsl.com\/wp-content\/uploads\/2025\/02\/nou-vehicle-per-manteniment-scaled.jpeg\",\"datePublished\":\"2025-02-25T12:37:21+00:00\",\"dateModified\":\"2025-02-25T12:40:22+00:00\",\"author\":{\"@id\":\"https:\/\/www.ipvsl.com\/#\/schema\/person\/d64d9aacb7978c883c2acd678554fd25\"},\"breadcrumb\":{\"@id\":\"https:\/\/www.ipvsl.com\/ipv-estrena-un-nou-vehicle-per-als-manteniments\/#breadcrumb\"},\"inLanguage\":\"es\",\"potentialAction\":[{\"@type\":\"ReadAction\",\"target\":[\"https:\/\/www.ipvsl.com\/ipv-estrena-un-nou-vehicle-per-als-manteniments\/\"]}]},{\"@type\":\"ImageObject\",\"inLanguage\":\"es\",\"@id\":\"https:\/\/www.ipvsl.com\/ipv-estrena-un-nou-vehicle-per-als-manteniments\/#primaryimage\",\"url\":\"https:\/\/www.ipvsl.com\/wp-content\/uploads\/2025\/02\/nou-vehicle-per-manteniment-scaled.jpeg\",\"contentUrl\":\"https:\/\/www.ipvsl.com\/wp-content\/uploads\/2025\/02\/nou-vehicle-per-manteniment-scaled.jpeg\",\"width\":\"2560\",\"height\":\"1810\",\"caption\":\"Furgoneta Manteniments IPV\"},{\"@type\":\"BreadcrumbList\",\"@id\":\"https:\/\/www.ipvsl.com\/ipv-estrena-un-nou-vehicle-per-als-manteniments\/#breadcrumb\",\"itemListElement\":[{\"@type\":\"ListItem\",\"position\":1,\"name\":\"Portada\",\"item\":\"https:\/\/www.ipvsl.com\/\"},{\"@type\":\"ListItem\",\"position\":2,\"name\":\"IPV estrena un nou vehicle per als manteniments\"}]},{\"@type\":\"WebSite\",\"@id\":\"https:\/\/www.ipvsl.com\/#website\",\"url\":\"https:\/\/www.ipvsl.com\/\",\"name\":\"IPV SL\",\"description\":\"IPV SL\",\"potentialAction\":[{\"@type\":\"SearchAction\",\"target\":{\"@type\":\"EntryPoint\",\"urlTemplate\":\"https:\/\/www.ipvsl.com\/?s={search_term_string}\"},\"query-input\":{\"@type\":\"PropertyValueSpecification\",\"valueRequired\":true,\"valueName\":\"search_term_string\"}}],\"inLanguage\":\"es\"},{\"@type\":\"Person\",\"@id\":\"https:\/\/www.ipvsl.com\/#\/schema\/person\/d64d9aacb7978c883c2acd678554fd25\",\"name\":\"Txell Moragues\",\"image\":{\"@type\":\"ImageObject\",\"inLanguage\":\"es\",\"@id\":\"https:\/\/www.ipvsl.com\/#\/schema\/person\/image\/\",\"url\":\"https:\/\/secure.gravatar.com\/avatar\/0663f85ffea1f1bd091bb905ca1fdb86c0d9bb82ad14b748cb0f028d4adc2ec8?s=96&d=mm&r=g\",\"contentUrl\":\"https:\/\/secure.gravatar.com\/avatar\/0663f85ffea1f1bd091bb905ca1fdb86c0d9bb82ad14b748cb0f028d4adc2ec8?s=96&d=mm&r=g\",\"caption\":\"Txell Moragues\"},\"url\":\"https:\/\/www.ipvsl.com\/es\/author\/carlos\/\"}]}<\/script>\n<!-- \/ Yoast SEO plugin. -->","yoast_head_json":{"title":"[:es]IPV estrena un nuevo veh\u00edculo para los mantenimientos [:ca]IPV estrena un nou vehicle per als manteniments [:] - IPV SL","robots":{"index":"index","follow":"follow","max-snippet":"max-snippet:-1","max-image-preview":"max-image-preview:large","max-video-preview":"max-video-preview:-1"},"canonical":"https:\/\/www.ipvsl.com\/ipv-estrena-un-nou-vehicle-per-als-manteniments\/","og_locale":"es_ES","og_type":"article","og_title":"[:es]IPV estrena un nuevo veh\u00edculo para los mantenimientos [:ca]IPV estrena un nou vehicle per als manteniments [:] - IPV SL","og_description":"En IPV, nuestra misi\u00f3n es ofrecer soluciones innovadoras y de calidad para las necesidades del sector el\u00e9ctrico. Con esta visi\u00f3n, nos complace anunciar la incorporaci\u00f3n de un nuevo veh\u00edculo comercial a nuestra flota, especialmente dise\u00f1ado para las labores de mantenimiento de instalaciones el\u00e9ctricas de alta (AT) y media tensi\u00f3n (MT), parques fotovoltaicos, alumbrados p\u00fablicos, y [&hellip;]","og_url":"https:\/\/www.ipvsl.com\/ipv-estrena-un-nou-vehicle-per-als-manteniments\/","og_site_name":"IPV SL","article_published_time":"2025-02-25T12:37:21+00:00","article_modified_time":"2025-02-25T12:40:22+00:00","og_image":[{"width":2560,"height":1810,"url":"https:\/\/www.ipvsl.com\/wp-content\/uploads\/2025\/02\/nou-vehicle-per-manteniment-scaled.jpeg","type":"image\/jpeg"}],"author":"Txell Moragues","twitter_card":"summary_large_image","twitter_misc":{"Escrito por":"Txell Moragues","Tiempo de lectura":"1 minuto"},"schema":{"@context":"https:\/\/schema.org","@graph":[{"@type":"WebPage","@id":"https:\/\/www.ipvsl.com\/ipv-estrena-un-nou-vehicle-per-als-manteniments\/","url":"https:\/\/www.ipvsl.com\/ipv-estrena-un-nou-vehicle-per-als-manteniments\/","name":"[:es]IPV estrena un nuevo veh\u00edculo para los mantenimientos [:ca]IPV estrena un nou vehicle per als manteniments [:] - IPV SL","isPartOf":{"@id":"https:\/\/www.ipvsl.com\/#website"},"primaryImageOfPage":{"@id":"https:\/\/www.ipvsl.com\/ipv-estrena-un-nou-vehicle-per-als-manteniments\/#primaryimage"},"image":{"@id":"https:\/\/www.ipvsl.com\/ipv-estrena-un-nou-vehicle-per-als-manteniments\/#primaryimage"},"thumbnailUrl":"https:\/\/www.ipvsl.com\/wp-content\/uploads\/2025\/02\/nou-vehicle-per-manteniment-scaled.jpeg","datePublished":"2025-02-25T12:37:21+00:00","dateModified":"2025-02-25T12:40:22+00:00","author":{"@id":"https:\/\/www.ipvsl.com\/#\/schema\/person\/d64d9aacb7978c883c2acd678554fd25"},"breadcrumb":{"@id":"https:\/\/www.ipvsl.com\/ipv-estrena-un-nou-vehicle-per-als-manteniments\/#breadcrumb"},"inLanguage":"es","potentialAction":[{"@type":"ReadAction","target":["https:\/\/www.ipvsl.com\/ipv-estrena-un-nou-vehicle-per-als-manteniments\/"]}]},{"@type":"ImageObject","inLanguage":"es","@id":"https:\/\/www.ipvsl.com\/ipv-estrena-un-nou-vehicle-per-als-manteniments\/#primaryimage","url":"https:\/\/www.ipvsl.com\/wp-content\/uploads\/2025\/02\/nou-vehicle-per-manteniment-scaled.jpeg","contentUrl":"https:\/\/www.ipvsl.com\/wp-content\/uploads\/2025\/02\/nou-vehicle-per-manteniment-scaled.jpeg","width":"2560","height":"1810","caption":"Furgoneta Manteniments IPV"},{"@type":"BreadcrumbList","@id":"https:\/\/www.ipvsl.com\/ipv-estrena-un-nou-vehicle-per-als-manteniments\/#breadcrumb","itemListElement":[{"@type":"ListItem","position":1,"name":"Portada","item":"https:\/\/www.ipvsl.com\/"},{"@type":"ListItem","position":2,"name":"IPV estrena un nou vehicle per als manteniments"}]},{"@type":"WebSite","@id":"https:\/\/www.ipvsl.com\/#website","url":"https:\/\/www.ipvsl.com\/","name":"IPV SL","description":"IPV SL","potentialAction":[{"@type":"SearchAction","target":{"@type":"EntryPoint","urlTemplate":"https:\/\/www.ipvsl.com\/?s={search_term_string}"},"query-input":{"@type":"PropertyValueSpecification","valueRequired":true,"valueName":"search_term_string"}}],"inLanguage":"es"},{"@type":"Person","@id":"https:\/\/www.ipvsl.com\/#\/schema\/person\/d64d9aacb7978c883c2acd678554fd25","name":"Txell Moragues","image":{"@type":"ImageObject","inLanguage":"es","@id":"https:\/\/www.ipvsl.com\/#\/schema\/person\/image\/","url":"https:\/\/secure.gravatar.com\/avatar\/0663f85ffea1f1bd091bb905ca1fdb86c0d9bb82ad14b748cb0f028d4adc2ec8?s=96&d=mm&r=g","contentUrl":"https:\/\/secure.gravatar.com\/avatar\/0663f85ffea1f1bd091bb905ca1fdb86c0d9bb82ad14b748cb0f028d4adc2ec8?s=96&d=mm&r=g","caption":"Txell Moragues"},"url":"https:\/\/www.ipvsl.com\/es\/author\/carlos\/"}]}},"_links":{"self":[{"href":"https:\/\/www.ipvsl.com\/es\/wp-json\/wp\/v2\/posts\/4734","targetHints":{"allow":["GET"]}}],"collection":[{"href":"https:\/\/www.ipvsl.com\/es\/wp-json\/wp\/v2\/posts"}],"about":[{"href":"https:\/\/www.ipvsl.com\/es\/wp-json\/wp\/v2\/types\/post"}],"author":[{"embeddable":true,"href":"https:\/\/www.ipvsl.com\/es\/wp-json\/wp\/v2\/users\/3"}],"replies":[{"embeddable":true,"href":"https:\/\/www.ipvsl.com\/es\/wp-json\/wp\/v2\/comments?post=4734"}],"version-history":[{"count":1,"href":"https:\/\/www.ipvsl.com\/es\/wp-json\/wp\/v2\/posts\/4734\/revisions"}],"predecessor-version":[{"id":4736,"href":"https:\/\/www.ipvsl.com\/es\/wp-json\/wp\/v2\/posts\/4734\/revisions\/4736"}],"wp:featuredmedia":[{"embeddable":true,"href":"https:\/\/www.ipvsl.com\/es\/wp-json\/wp\/v2\/media\/4735"}],"wp:attachment":[{"href":"https:\/\/www.ipvsl.com\/es\/wp-json\/wp\/v2\/media?parent=4734"}],"wp:term":[{"taxonomy":"category","embeddable":true,"href":"https:\/\/www.ipvsl.com\/es\/wp-json\/wp\/v2\/categories?post=4734"},{"taxonomy":"post_tag","embeddable":true,"href":"https:\/\/www.ipvsl.com\/es\/wp-json\/wp\/v2\/tags?post=4734"}],"curies":[{"name":"wp","href":"https:\/\/api.w.org\/{rel}","templated":true}]}}