{"id":4729,"date":"2025-01-29T13:05:35","date_gmt":"2025-01-29T13:05:35","guid":{"rendered":"https:\/\/www.ipvsl.com\/?p=4729"},"modified":"2025-01-29T13:05:35","modified_gmt":"2025-01-29T13:05:35","slug":"installacions-i-projectes-davantguarda-llanca-una-nova-planta-solar-per-autoconsum-de-30-kw","status":"publish","type":"post","link":"https:\/\/www.ipvsl.com\/es\/installacions-i-projectes-davantguarda-llanca-una-nova-planta-solar-per-autoconsum-de-30-kw\/","title":{"rendered":"Instalaciones y Proyectos de Vanguardia lanza una nueva planta solar para autoconsumo de 30 kW"},"content":{"rendered":"<p>En el marco de su compromiso con la sostenibilidad y la eficiencia energ\u00e9tica, <strong>Instalaciones y Proyectos de Vanguardia<\/strong> ha puesto en marcha una nueva planta solar fotovoltaica para autoconsumo en sus instalaciones. Esta planta, con una capacidad de 30 kW, representa un paso m\u00e1s en la transformaci\u00f3n energ\u00e9tica de la empresa y una apuesta clara por la reducci\u00f3n de la huella de carbono.<\/p>\n<p>Con esta nueva iniciativa, <strong>IPV<\/strong>, reafirma su compromiso con las tecnolog\u00edas limpias y la energ\u00eda renovable, apostando por un modelo de producci\u00f3n m\u00e1s responsable y respetuoso con el medio ambiente.<\/p>\n<p>Esta acci\u00f3n tiene una doble finalidad: <strong>reducir los costes energ\u00e9ticos de la empresa<\/strong> y al mismo tiempo contribuir a un <strong>entorno m\u00e1s sostenible<\/strong>.<\/p>\n<p>Con esta nueva instalaci\u00f3n, mostramos c\u00f3mo las soluciones de energ\u00eda solar pueden beneficiar tanto a grandes instalaciones, como a empresas peque\u00f1as que apuestan por un crecimiento sostenible. La planta solar, dise\u00f1ada e implementada por nuestro <strong>equipo de profesionales especializados<\/strong>, cumple con los m\u00e1s altos est\u00e1ndares de calidad y seguridad.<\/p>\n<p>Si est\u00e1s interesado en descubrir c\u00f3mo una planta solar puede beneficiar a tu empresa, te invitamos a contactarnos para obtener un <a href=\"https:\/\/www.ipvsl.com\/com-contactar\/\"><strong>presupuesto personalizado<\/strong><\/a>. Nuestro equipo estar\u00e1 encantado de asesorarte y dise\u00f1ar la mejor soluci\u00f3n energ\u00e9tica a medida para tus necesidades.<\/p>\n<p><strong>IPV<\/strong> sigue as\u00ed su trayectoria de innovaci\u00f3n, con una mirada puesta en el futuro y un claro compromiso para mejorar su eficiencia energ\u00e9tica, un aspecto fundamental para la competitividad y la responsabilidad empresarial.<\/p>","protected":false},"excerpt":{"rendered":"<p>En el marco de su compromiso con la sostenibilidad y la eficiencia energ\u00e9tica, Instalaciones y Proyectos de Vanguardia ha puesto en marcha una nueva planta solar fotovoltaica para autoconsumo en sus instalaciones. Esta planta, con una capacidad de 30 kW, representa un paso m\u00e1s en la transformaci\u00f3n energ\u00e9tica de la empresa y una apuesta clara [&hellip;]<\/p>\n","protected":false},"author":3,"featured_media":4730,"comment_status":"closed","ping_status":"open","sticky":false,"template":"","format":"standard","meta":{"footnotes":""},"categories":[1],"tags":[27,107,17,26,68,50,61],"class_list":["post-4729","post","type-post","status-publish","format-standard","has-post-thumbnail","hentry","category-sin-categoria","tag-autoconsum","tag-electricitat","tag-energia","tag-fotovoltaica","tag-installacions","tag-renovables","tag-sostenibilitat"],"yoast_head":"<!-- This site is optimized with the Yoast SEO plugin v25.7 - https:\/\/yoast.com\/wordpress\/plugins\/seo\/ -->\n<title>Instalaciones y Proyectos de Vanguardia lanza una nueva planta solar para autoconsumo de 30 kW - IPV SL<\/title>\n<meta name=\"robots\" content=\"index, follow, max-snippet:-1, max-image-preview:large, max-video-preview:-1\" \/>\n<link rel=\"canonical\" href=\"https:\/\/www.ipvsl.com\/installacions-i-projectes-davantguarda-llanca-una-nova-planta-solar-per-autoconsum-de-30-kw\/\" \/>\n<meta property=\"og:locale\" content=\"es_ES\" \/>\n<meta property=\"og:type\" content=\"article\" \/>\n<meta property=\"og:title\" content=\"[:es]Instalaciones y Proyectos de Vanguardia lanza una nueva planta solar para autoconsumo de 30 kW[:ca]Instal\u00b7lacions i Projectes d&#039;Avantguarda llan\u00e7a una nova planta solar per autoconsum de 30 kW[:] - IPV SL\" \/>\n<meta property=\"og:description\" content=\"En el marco de su compromiso con la sostenibilidad y la eficiencia energ\u00e9tica, Instalaciones y Proyectos de Vanguardia ha puesto en marcha una nueva planta solar fotovoltaica para autoconsumo en sus instalaciones. Esta planta, con una capacidad de 30 kW, representa un paso m\u00e1s en la transformaci\u00f3n energ\u00e9tica de la empresa y una apuesta clara [&hellip;]\" \/>\n<meta property=\"og:url\" content=\"https:\/\/www.ipvsl.com\/installacions-i-projectes-davantguarda-llanca-una-nova-planta-solar-per-autoconsum-de-30-kw\/\" \/>\n<meta property=\"og:site_name\" content=\"IPV SL\" \/>\n<meta property=\"article:published_time\" content=\"2025-01-29T13:05:35+00:00\" \/>\n<meta property=\"og:image\" content=\"https:\/\/www.ipvsl.com\/wp-content\/uploads\/2025\/01\/IPV-AERIA-SOLAR-NAU-1024x504.png\" \/>\n\t<meta property=\"og:image:width\" content=\"1024\" \/>\n\t<meta property=\"og:image:height\" content=\"504\" \/>\n\t<meta property=\"og:image:type\" content=\"image\/png\" \/>\n<meta name=\"author\" content=\"Txell Moragues\" \/>\n<meta name=\"twitter:card\" content=\"summary_large_image\" \/>\n<meta name=\"twitter:label1\" content=\"Escrito por\" \/>\n\t<meta name=\"twitter:data1\" content=\"Txell Moragues\" \/>\n\t<meta name=\"twitter:label2\" content=\"Tiempo de lectura\" \/>\n\t<meta name=\"twitter:data2\" content=\"2 minutos\" \/>\n<script type=\"application\/ld+json\" class=\"yoast-schema-graph\">{\"@context\":\"https:\/\/schema.org\",\"@graph\":[{\"@type\":\"WebPage\",\"@id\":\"https:\/\/www.ipvsl.com\/installacions-i-projectes-davantguarda-llanca-una-nova-planta-solar-per-autoconsum-de-30-kw\/\",\"url\":\"https:\/\/www.ipvsl.com\/installacions-i-projectes-davantguarda-llanca-una-nova-planta-solar-per-autoconsum-de-30-kw\/\",\"name\":\"[:es]Instalaciones y Proyectos de Vanguardia lanza una nueva planta solar para autoconsumo de 30 kW[:ca]Instal\u00b7lacions i Projectes d'Avantguarda llan\u00e7a una nova planta solar per autoconsum de 30 kW[:] - IPV SL\",\"isPartOf\":{\"@id\":\"https:\/\/www.ipvsl.com\/#website\"},\"primaryImageOfPage\":{\"@id\":\"https:\/\/www.ipvsl.com\/installacions-i-projectes-davantguarda-llanca-una-nova-planta-solar-per-autoconsum-de-30-kw\/#primaryimage\"},\"image\":{\"@id\":\"https:\/\/www.ipvsl.com\/installacions-i-projectes-davantguarda-llanca-una-nova-planta-solar-per-autoconsum-de-30-kw\/#primaryimage\"},\"thumbnailUrl\":\"https:\/\/www.ipvsl.com\/wp-content\/uploads\/2025\/01\/IPV-AERIA-SOLAR-NAU.png\",\"datePublished\":\"2025-01-29T13:05:35+00:00\",\"author\":{\"@id\":\"https:\/\/www.ipvsl.com\/#\/schema\/person\/d64d9aacb7978c883c2acd678554fd25\"},\"breadcrumb\":{\"@id\":\"https:\/\/www.ipvsl.com\/installacions-i-projectes-davantguarda-llanca-una-nova-planta-solar-per-autoconsum-de-30-kw\/#breadcrumb\"},\"inLanguage\":\"es\",\"potentialAction\":[{\"@type\":\"ReadAction\",\"target\":[\"https:\/\/www.ipvsl.com\/installacions-i-projectes-davantguarda-llanca-una-nova-planta-solar-per-autoconsum-de-30-kw\/\"]}]},{\"@type\":\"ImageObject\",\"inLanguage\":\"es\",\"@id\":\"https:\/\/www.ipvsl.com\/installacions-i-projectes-davantguarda-llanca-una-nova-planta-solar-per-autoconsum-de-30-kw\/#primaryimage\",\"url\":\"https:\/\/www.ipvsl.com\/wp-content\/uploads\/2025\/01\/IPV-AERIA-SOLAR-NAU.png\",\"contentUrl\":\"https:\/\/www.ipvsl.com\/wp-content\/uploads\/2025\/01\/IPV-AERIA-SOLAR-NAU.png\",\"width\":\"1732\",\"height\":\"852\",\"caption\":\"Plaques solars IPV\"},{\"@type\":\"BreadcrumbList\",\"@id\":\"https:\/\/www.ipvsl.com\/installacions-i-projectes-davantguarda-llanca-una-nova-planta-solar-per-autoconsum-de-30-kw\/#breadcrumb\",\"itemListElement\":[{\"@type\":\"ListItem\",\"position\":1,\"name\":\"Portada\",\"item\":\"https:\/\/www.ipvsl.com\/\"},{\"@type\":\"ListItem\",\"position\":2,\"name\":\"Instal\u00b7lacions i Projectes d&#8217;Avantguarda llan\u00e7a una nova planta solar per autoconsum de 30 kW\"}]},{\"@type\":\"WebSite\",\"@id\":\"https:\/\/www.ipvsl.com\/#website\",\"url\":\"https:\/\/www.ipvsl.com\/\",\"name\":\"IPV SL\",\"description\":\"IPV SL\",\"potentialAction\":[{\"@type\":\"SearchAction\",\"target\":{\"@type\":\"EntryPoint\",\"urlTemplate\":\"https:\/\/www.ipvsl.com\/?s={search_term_string}\"},\"query-input\":{\"@type\":\"PropertyValueSpecification\",\"valueRequired\":true,\"valueName\":\"search_term_string\"}}],\"inLanguage\":\"es\"},{\"@type\":\"Person\",\"@id\":\"https:\/\/www.ipvsl.com\/#\/schema\/person\/d64d9aacb7978c883c2acd678554fd25\",\"name\":\"Txell Moragues\",\"image\":{\"@type\":\"ImageObject\",\"inLanguage\":\"es\",\"@id\":\"https:\/\/www.ipvsl.com\/#\/schema\/person\/image\/\",\"url\":\"https:\/\/secure.gravatar.com\/avatar\/0663f85ffea1f1bd091bb905ca1fdb86c0d9bb82ad14b748cb0f028d4adc2ec8?s=96&d=mm&r=g\",\"contentUrl\":\"https:\/\/secure.gravatar.com\/avatar\/0663f85ffea1f1bd091bb905ca1fdb86c0d9bb82ad14b748cb0f028d4adc2ec8?s=96&d=mm&r=g\",\"caption\":\"Txell Moragues\"},\"url\":\"https:\/\/www.ipvsl.com\/es\/author\/carlos\/\"}]}<\/script>\n<!-- \/ Yoast SEO plugin. -->","yoast_head_json":{"title":"[:es]Instalaciones y Proyectos de Vanguardia lanza una nueva planta solar para autoconsumo de 30 kW[:ca]Instal\u00b7lacions i Projectes d'Avantguarda llan\u00e7a una nova planta solar per autoconsum de 30 kW[:] - IPV SL","robots":{"index":"index","follow":"follow","max-snippet":"max-snippet:-1","max-image-preview":"max-image-preview:large","max-video-preview":"max-video-preview:-1"},"canonical":"https:\/\/www.ipvsl.com\/installacions-i-projectes-davantguarda-llanca-una-nova-planta-solar-per-autoconsum-de-30-kw\/","og_locale":"es_ES","og_type":"article","og_title":"[:es]Instalaciones y Proyectos de Vanguardia lanza una nueva planta solar para autoconsumo de 30 kW[:ca]Instal\u00b7lacions i Projectes d'Avantguarda llan\u00e7a una nova planta solar per autoconsum de 30 kW[:] - IPV SL","og_description":"En el marco de su compromiso con la sostenibilidad y la eficiencia energ\u00e9tica, Instalaciones y Proyectos de Vanguardia ha puesto en marcha una nueva planta solar fotovoltaica para autoconsumo en sus instalaciones. Esta planta, con una capacidad de 30 kW, representa un paso m\u00e1s en la transformaci\u00f3n energ\u00e9tica de la empresa y una apuesta clara [&hellip;]","og_url":"https:\/\/www.ipvsl.com\/installacions-i-projectes-davantguarda-llanca-una-nova-planta-solar-per-autoconsum-de-30-kw\/","og_site_name":"IPV SL","article_published_time":"2025-01-29T13:05:35+00:00","og_image":[{"width":1024,"height":504,"url":"https:\/\/www.ipvsl.com\/wp-content\/uploads\/2025\/01\/IPV-AERIA-SOLAR-NAU-1024x504.png","type":"image\/png"}],"author":"Txell Moragues","twitter_card":"summary_large_image","twitter_misc":{"Escrito por":"Txell Moragues","Tiempo de lectura":"2 minutos"},"schema":{"@context":"https:\/\/schema.org","@graph":[{"@type":"WebPage","@id":"https:\/\/www.ipvsl.com\/installacions-i-projectes-davantguarda-llanca-una-nova-planta-solar-per-autoconsum-de-30-kw\/","url":"https:\/\/www.ipvsl.com\/installacions-i-projectes-davantguarda-llanca-una-nova-planta-solar-per-autoconsum-de-30-kw\/","name":"[:es]Instalaciones y Proyectos de Vanguardia lanza una nueva planta solar para autoconsumo de 30 kW[:ca]Instal\u00b7lacions i Projectes d'Avantguarda llan\u00e7a una nova planta solar per autoconsum de 30 kW[:] - IPV SL","isPartOf":{"@id":"https:\/\/www.ipvsl.com\/#website"},"primaryImageOfPage":{"@id":"https:\/\/www.ipvsl.com\/installacions-i-projectes-davantguarda-llanca-una-nova-planta-solar-per-autoconsum-de-30-kw\/#primaryimage"},"image":{"@id":"https:\/\/www.ipvsl.com\/installacions-i-projectes-davantguarda-llanca-una-nova-planta-solar-per-autoconsum-de-30-kw\/#primaryimage"},"thumbnailUrl":"https:\/\/www.ipvsl.com\/wp-content\/uploads\/2025\/01\/IPV-AERIA-SOLAR-NAU.png","datePublished":"2025-01-29T13:05:35+00:00","author":{"@id":"https:\/\/www.ipvsl.com\/#\/schema\/person\/d64d9aacb7978c883c2acd678554fd25"},"breadcrumb":{"@id":"https:\/\/www.ipvsl.com\/installacions-i-projectes-davantguarda-llanca-una-nova-planta-solar-per-autoconsum-de-30-kw\/#breadcrumb"},"inLanguage":"es","potentialAction":[{"@type":"ReadAction","target":["https:\/\/www.ipvsl.com\/installacions-i-projectes-davantguarda-llanca-una-nova-planta-solar-per-autoconsum-de-30-kw\/"]}]},{"@type":"ImageObject","inLanguage":"es","@id":"https:\/\/www.ipvsl.com\/installacions-i-projectes-davantguarda-llanca-una-nova-planta-solar-per-autoconsum-de-30-kw\/#primaryimage","url":"https:\/\/www.ipvsl.com\/wp-content\/uploads\/2025\/01\/IPV-AERIA-SOLAR-NAU.png","contentUrl":"https:\/\/www.ipvsl.com\/wp-content\/uploads\/2025\/01\/IPV-AERIA-SOLAR-NAU.png","width":"1732","height":"852","caption":"Plaques solars IPV"},{"@type":"BreadcrumbList","@id":"https:\/\/www.ipvsl.com\/installacions-i-projectes-davantguarda-llanca-una-nova-planta-solar-per-autoconsum-de-30-kw\/#breadcrumb","itemListElement":[{"@type":"ListItem","position":1,"name":"Portada","item":"https:\/\/www.ipvsl.com\/"},{"@type":"ListItem","position":2,"name":"Instal\u00b7lacions i Projectes d&#8217;Avantguarda llan\u00e7a una nova planta solar per autoconsum de 30 kW"}]},{"@type":"WebSite","@id":"https:\/\/www.ipvsl.com\/#website","url":"https:\/\/www.ipvsl.com\/","name":"IPV SL","description":"IPV SL","potentialAction":[{"@type":"SearchAction","target":{"@type":"EntryPoint","urlTemplate":"https:\/\/www.ipvsl.com\/?s={search_term_string}"},"query-input":{"@type":"PropertyValueSpecification","valueRequired":true,"valueName":"search_term_string"}}],"inLanguage":"es"},{"@type":"Person","@id":"https:\/\/www.ipvsl.com\/#\/schema\/person\/d64d9aacb7978c883c2acd678554fd25","name":"Txell Moragues","image":{"@type":"ImageObject","inLanguage":"es","@id":"https:\/\/www.ipvsl.com\/#\/schema\/person\/image\/","url":"https:\/\/secure.gravatar.com\/avatar\/0663f85ffea1f1bd091bb905ca1fdb86c0d9bb82ad14b748cb0f028d4adc2ec8?s=96&d=mm&r=g","contentUrl":"https:\/\/secure.gravatar.com\/avatar\/0663f85ffea1f1bd091bb905ca1fdb86c0d9bb82ad14b748cb0f028d4adc2ec8?s=96&d=mm&r=g","caption":"Txell Moragues"},"url":"https:\/\/www.ipvsl.com\/es\/author\/carlos\/"}]}},"_links":{"self":[{"href":"https:\/\/www.ipvsl.com\/es\/wp-json\/wp\/v2\/posts\/4729","targetHints":{"allow":["GET"]}}],"collection":[{"href":"https:\/\/www.ipvsl.com\/es\/wp-json\/wp\/v2\/posts"}],"about":[{"href":"https:\/\/www.ipvsl.com\/es\/wp-json\/wp\/v2\/types\/post"}],"author":[{"embeddable":true,"href":"https:\/\/www.ipvsl.com\/es\/wp-json\/wp\/v2\/users\/3"}],"replies":[{"embeddable":true,"href":"https:\/\/www.ipvsl.com\/es\/wp-json\/wp\/v2\/comments?post=4729"}],"version-history":[{"count":2,"href":"https:\/\/www.ipvsl.com\/es\/wp-json\/wp\/v2\/posts\/4729\/revisions"}],"predecessor-version":[{"id":4732,"href":"https:\/\/www.ipvsl.com\/es\/wp-json\/wp\/v2\/posts\/4729\/revisions\/4732"}],"wp:featuredmedia":[{"embeddable":true,"href":"https:\/\/www.ipvsl.com\/es\/wp-json\/wp\/v2\/media\/4730"}],"wp:attachment":[{"href":"https:\/\/www.ipvsl.com\/es\/wp-json\/wp\/v2\/media?parent=4729"}],"wp:term":[{"taxonomy":"category","embeddable":true,"href":"https:\/\/www.ipvsl.com\/es\/wp-json\/wp\/v2\/categories?post=4729"},{"taxonomy":"post_tag","embeddable":true,"href":"https:\/\/www.ipvsl.com\/es\/wp-json\/wp\/v2\/tags?post=4729"}],"curies":[{"name":"wp","href":"https:\/\/api.w.org\/{rel}","templated":true}]}}