{"id":4725,"date":"2024-12-18T13:10:11","date_gmt":"2024-12-18T13:10:11","guid":{"rendered":"https:\/\/www.ipvsl.com\/?p=4725"},"modified":"2024-12-18T13:10:11","modified_gmt":"2024-12-18T13:10:11","slug":"ipv-completa-la-posada-en-marxa-duna-nova-estacio-de-supercarregadors-tesla-a-sallent","status":"publish","type":"post","link":"https:\/\/www.ipvsl.com\/es\/ipv-completa-la-posada-en-marxa-duna-nova-estacio-de-supercarregadors-tesla-a-sallent\/","title":{"rendered":"IPV completa la puesta en marcha de una Nueva Estaci\u00f3n de Supercargadores Tesla en Sallent"},"content":{"rendered":"<p><\/p>\n<p style=\"margin: 0cm;\"><span style=\"font-family: 'Segoe UI',sans-serif; color: black;\">Este mes de diciembre, IPV ha finalizado con \u00e9xito la puesta en marcha de una nueva estaci\u00f3n de Supercargadores <a href=\"https:\/\/www.tesla.com\/es_ES\/findus\/location\/supercharger\/4771\">Tesla ubicada en Sallent<\/a>, consolidando nuestra posici\u00f3n como referentes en proyectos de infraestructura para la movilidad el\u00e9ctrica.<\/span><\/p>\n<p style=\"margin: 0px;\"><span style=\"font-family: 'Segoe UI',sans-serif; color: black;\">\u00a0<\/span><\/p>\n<p style=\"margin: 0cm;\"><span style=\"font-family: 'Segoe UI',sans-serif; color: black;\">La estaci\u00f3n cuenta con un total de 8 Supercargadores de \u00faltima generaci\u00f3n, con una potencia de 250 kW cada uno, dise\u00f1ados para ofrecer una carga ultrarr\u00e1pida y eficiente a los propietarios de veh\u00edculos el\u00e9ctricos. Adem\u00e1s, esta instalaci\u00f3n tambi\u00e9n est\u00e1 abierta para la carga de veh\u00edculos de otras marcas, promoviendo la inclusi\u00f3n y facilitando la transici\u00f3n hacia una movilidad sostenible.<\/span><\/p>\n<p style=\"margin: 0px;\"><span style=\"font-family: 'Segoe UI',sans-serif; color: black;\">\u00a0<\/span><\/p>\n<p style=\"margin: 0cm;\"><span style=\"font-family: 'Segoe UI',sans-serif; color: black;\">Queremos destacar la confianza que Tesla ha depositado una vez m\u00e1s en IPV para la ejecuci\u00f3n de este proyecto, siendo ya la cuarta estaci\u00f3n que realizamos para ellos. Desde la implementaci\u00f3n de las obras, nuestro equipo ha trabajado con la m\u00e1xima profesionalidad para cumplir con los altos est\u00e1ndares de calidad y eficiencia que caracteriza a esta marca.<\/span><\/p>\n<p style=\"margin: 0px;\"><span style=\"font-family: 'Segoe UI',sans-serif; color: black;\">\u00a0<\/span><\/p>\n<p style=\"margin: 0cm;\"><span style=\"font-family: 'Segoe UI',sans-serif; color: black;\">Esta nueva infraestructura en Sallent no solo refuerza nuestro compromiso con el desarrollo de soluciones energ\u00e9ticas avanzadas, sino tambi\u00e9n contribuye al crecimiento de la red de carga para veh\u00edculos el\u00e9ctricos en Espa\u00f1a, un paso fundamental hacia un futuro m\u00e1s limpio y sostenible.<\/span><\/p>\n<p style=\"margin: 0cm;\"><span style=\"font-family: 'Segoe UI',sans-serif; color: black;\">\u00a0<\/span><\/p>\n<p style=\"margin: 0px;\"><span style=\"font-family: 'Segoe UI',sans-serif; color: black;\">Desde IPV, agradecemos a Tesla y a todos los implicados en este proyecto por hacer posible esta nueva estaci\u00f3n de Supercargadores. Seguiremos trabajando para liderar la transici\u00f3n energ\u00e9tica con la misma pasi\u00f3n y compromiso que nos caracteriza.<\/span><\/p>\n<p><\/p>","protected":false},"excerpt":{"rendered":"<p>Este mes de diciembre, IPV ha finalizado con \u00e9xito la puesta en marcha de una nueva estaci\u00f3n de Supercargadores Tesla ubicada en Sallent, consolidando nuestra posici\u00f3n como referentes en proyectos de infraestructura para la movilidad el\u00e9ctrica. \u00a0 La estaci\u00f3n cuenta con un total de 8 Supercargadores de \u00faltima generaci\u00f3n, con una potencia de 250 kW [&hellip;]<\/p>\n","protected":false},"author":3,"featured_media":4726,"comment_status":"closed","ping_status":"open","sticky":false,"template":"","format":"standard","meta":{"footnotes":""},"categories":[1],"tags":[68,16,100,61,53,52],"class_list":["post-4725","post","type-post","status-publish","format-standard","has-post-thumbnail","hentry","category-sin-categoria","tag-installacions","tag-ipv","tag-punts-de-carrega","tag-sostenibilitat","tag-tesla","tag-vehicles-electrics"],"yoast_head":"<!-- This site is optimized with the Yoast SEO plugin v25.7 - https:\/\/yoast.com\/wordpress\/plugins\/seo\/ -->\n<title>IPV completa la puesta en marcha de una Nueva Estaci\u00f3n de Supercargadores Tesla en Sallent - IPV SL<\/title>\n<meta name=\"robots\" content=\"index, follow, max-snippet:-1, max-image-preview:large, max-video-preview:-1\" \/>\n<link rel=\"canonical\" href=\"https:\/\/www.ipvsl.com\/ipv-completa-la-posada-en-marxa-duna-nova-estacio-de-supercarregadors-tesla-a-sallent\/\" \/>\n<meta property=\"og:locale\" content=\"es_ES\" \/>\n<meta property=\"og:type\" content=\"article\" \/>\n<meta property=\"og:title\" content=\"[:es]IPV completa la puesta en marcha de una Nueva Estaci\u00f3n de Supercargadores Tesla en Sallent[:ca]IPV completa la posada en marxa d&#039;una Nova Estaci\u00f3 de Supercarregadors Tesla a Sallent[:] - IPV SL\" \/>\n<meta property=\"og:description\" content=\"Este mes de diciembre, IPV ha finalizado con \u00e9xito la puesta en marcha de una nueva estaci\u00f3n de Supercargadores Tesla ubicada en Sallent, consolidando nuestra posici\u00f3n como referentes en proyectos de infraestructura para la movilidad el\u00e9ctrica. \u00a0 La estaci\u00f3n cuenta con un total de 8 Supercargadores de \u00faltima generaci\u00f3n, con una potencia de 250 kW [&hellip;]\" \/>\n<meta property=\"og:url\" content=\"https:\/\/www.ipvsl.com\/ipv-completa-la-posada-en-marxa-duna-nova-estacio-de-supercarregadors-tesla-a-sallent\/\" \/>\n<meta property=\"og:site_name\" content=\"IPV SL\" \/>\n<meta property=\"article:published_time\" content=\"2024-12-18T13:10:11+00:00\" \/>\n<meta property=\"og:image\" content=\"https:\/\/www.ipvsl.com\/wp-content\/uploads\/2024\/12\/TESLA-SALLENT.jpeg\" \/>\n\t<meta property=\"og:image:width\" content=\"2400\" \/>\n\t<meta property=\"og:image:height\" content=\"1800\" \/>\n\t<meta property=\"og:image:type\" content=\"image\/jpeg\" \/>\n<meta name=\"author\" content=\"Txell Moragues\" \/>\n<meta name=\"twitter:card\" content=\"summary_large_image\" \/>\n<meta name=\"twitter:label1\" content=\"Escrito por\" \/>\n\t<meta name=\"twitter:data1\" content=\"Txell Moragues\" \/>\n\t<meta name=\"twitter:label2\" content=\"Tiempo de lectura\" \/>\n\t<meta name=\"twitter:data2\" content=\"2 minutos\" \/>\n<script type=\"application\/ld+json\" class=\"yoast-schema-graph\">{\"@context\":\"https:\/\/schema.org\",\"@graph\":[{\"@type\":\"WebPage\",\"@id\":\"https:\/\/www.ipvsl.com\/ipv-completa-la-posada-en-marxa-duna-nova-estacio-de-supercarregadors-tesla-a-sallent\/\",\"url\":\"https:\/\/www.ipvsl.com\/ipv-completa-la-posada-en-marxa-duna-nova-estacio-de-supercarregadors-tesla-a-sallent\/\",\"name\":\"[:es]IPV completa la puesta en marcha de una Nueva Estaci\u00f3n de Supercargadores Tesla en Sallent[:ca]IPV completa la posada en marxa d'una Nova Estaci\u00f3 de Supercarregadors Tesla a Sallent[:] - IPV SL\",\"isPartOf\":{\"@id\":\"https:\/\/www.ipvsl.com\/#website\"},\"primaryImageOfPage\":{\"@id\":\"https:\/\/www.ipvsl.com\/ipv-completa-la-posada-en-marxa-duna-nova-estacio-de-supercarregadors-tesla-a-sallent\/#primaryimage\"},\"image\":{\"@id\":\"https:\/\/www.ipvsl.com\/ipv-completa-la-posada-en-marxa-duna-nova-estacio-de-supercarregadors-tesla-a-sallent\/#primaryimage\"},\"thumbnailUrl\":\"https:\/\/www.ipvsl.com\/wp-content\/uploads\/2024\/12\/TESLA-SALLENT.jpeg\",\"datePublished\":\"2024-12-18T13:10:11+00:00\",\"author\":{\"@id\":\"https:\/\/www.ipvsl.com\/#\/schema\/person\/d64d9aacb7978c883c2acd678554fd25\"},\"breadcrumb\":{\"@id\":\"https:\/\/www.ipvsl.com\/ipv-completa-la-posada-en-marxa-duna-nova-estacio-de-supercarregadors-tesla-a-sallent\/#breadcrumb\"},\"inLanguage\":\"es\",\"potentialAction\":[{\"@type\":\"ReadAction\",\"target\":[\"https:\/\/www.ipvsl.com\/ipv-completa-la-posada-en-marxa-duna-nova-estacio-de-supercarregadors-tesla-a-sallent\/\"]}]},{\"@type\":\"ImageObject\",\"inLanguage\":\"es\",\"@id\":\"https:\/\/www.ipvsl.com\/ipv-completa-la-posada-en-marxa-duna-nova-estacio-de-supercarregadors-tesla-a-sallent\/#primaryimage\",\"url\":\"https:\/\/www.ipvsl.com\/wp-content\/uploads\/2024\/12\/TESLA-SALLENT.jpeg\",\"contentUrl\":\"https:\/\/www.ipvsl.com\/wp-content\/uploads\/2024\/12\/TESLA-SALLENT.jpeg\",\"width\":\"2400\",\"height\":\"1800\",\"caption\":\"Collage created using TurboCollage software from www.TurboCollage.com\"},{\"@type\":\"BreadcrumbList\",\"@id\":\"https:\/\/www.ipvsl.com\/ipv-completa-la-posada-en-marxa-duna-nova-estacio-de-supercarregadors-tesla-a-sallent\/#breadcrumb\",\"itemListElement\":[{\"@type\":\"ListItem\",\"position\":1,\"name\":\"Portada\",\"item\":\"https:\/\/www.ipvsl.com\/\"},{\"@type\":\"ListItem\",\"position\":2,\"name\":\"IPV completa la posada en marxa d&#8217;una Nova Estaci\u00f3 de Supercarregadors Tesla a Sallent\"}]},{\"@type\":\"WebSite\",\"@id\":\"https:\/\/www.ipvsl.com\/#website\",\"url\":\"https:\/\/www.ipvsl.com\/\",\"name\":\"IPV SL\",\"description\":\"IPV SL\",\"potentialAction\":[{\"@type\":\"SearchAction\",\"target\":{\"@type\":\"EntryPoint\",\"urlTemplate\":\"https:\/\/www.ipvsl.com\/?s={search_term_string}\"},\"query-input\":{\"@type\":\"PropertyValueSpecification\",\"valueRequired\":true,\"valueName\":\"search_term_string\"}}],\"inLanguage\":\"es\"},{\"@type\":\"Person\",\"@id\":\"https:\/\/www.ipvsl.com\/#\/schema\/person\/d64d9aacb7978c883c2acd678554fd25\",\"name\":\"Txell Moragues\",\"image\":{\"@type\":\"ImageObject\",\"inLanguage\":\"es\",\"@id\":\"https:\/\/www.ipvsl.com\/#\/schema\/person\/image\/\",\"url\":\"https:\/\/secure.gravatar.com\/avatar\/0663f85ffea1f1bd091bb905ca1fdb86c0d9bb82ad14b748cb0f028d4adc2ec8?s=96&d=mm&r=g\",\"contentUrl\":\"https:\/\/secure.gravatar.com\/avatar\/0663f85ffea1f1bd091bb905ca1fdb86c0d9bb82ad14b748cb0f028d4adc2ec8?s=96&d=mm&r=g\",\"caption\":\"Txell Moragues\"},\"url\":\"https:\/\/www.ipvsl.com\/es\/author\/carlos\/\"}]}<\/script>\n<!-- \/ Yoast SEO plugin. -->","yoast_head_json":{"title":"[:es]IPV completa la puesta en marcha de una Nueva Estaci\u00f3n de Supercargadores Tesla en Sallent[:ca]IPV completa la posada en marxa d'una Nova Estaci\u00f3 de Supercarregadors Tesla a Sallent[:] - IPV SL","robots":{"index":"index","follow":"follow","max-snippet":"max-snippet:-1","max-image-preview":"max-image-preview:large","max-video-preview":"max-video-preview:-1"},"canonical":"https:\/\/www.ipvsl.com\/ipv-completa-la-posada-en-marxa-duna-nova-estacio-de-supercarregadors-tesla-a-sallent\/","og_locale":"es_ES","og_type":"article","og_title":"[:es]IPV completa la puesta en marcha de una Nueva Estaci\u00f3n de Supercargadores Tesla en Sallent[:ca]IPV completa la posada en marxa d'una Nova Estaci\u00f3 de Supercarregadors Tesla a Sallent[:] - IPV SL","og_description":"Este mes de diciembre, IPV ha finalizado con \u00e9xito la puesta en marcha de una nueva estaci\u00f3n de Supercargadores Tesla ubicada en Sallent, consolidando nuestra posici\u00f3n como referentes en proyectos de infraestructura para la movilidad el\u00e9ctrica. \u00a0 La estaci\u00f3n cuenta con un total de 8 Supercargadores de \u00faltima generaci\u00f3n, con una potencia de 250 kW [&hellip;]","og_url":"https:\/\/www.ipvsl.com\/ipv-completa-la-posada-en-marxa-duna-nova-estacio-de-supercarregadors-tesla-a-sallent\/","og_site_name":"IPV SL","article_published_time":"2024-12-18T13:10:11+00:00","og_image":[{"width":2400,"height":1800,"url":"https:\/\/www.ipvsl.com\/wp-content\/uploads\/2024\/12\/TESLA-SALLENT.jpeg","type":"image\/jpeg"}],"author":"Txell Moragues","twitter_card":"summary_large_image","twitter_misc":{"Escrito por":"Txell Moragues","Tiempo de lectura":"2 minutos"},"schema":{"@context":"https:\/\/schema.org","@graph":[{"@type":"WebPage","@id":"https:\/\/www.ipvsl.com\/ipv-completa-la-posada-en-marxa-duna-nova-estacio-de-supercarregadors-tesla-a-sallent\/","url":"https:\/\/www.ipvsl.com\/ipv-completa-la-posada-en-marxa-duna-nova-estacio-de-supercarregadors-tesla-a-sallent\/","name":"[:es]IPV completa la puesta en marcha de una Nueva Estaci\u00f3n de Supercargadores Tesla en Sallent[:ca]IPV completa la posada en marxa d'una Nova Estaci\u00f3 de Supercarregadors Tesla a Sallent[:] - IPV SL","isPartOf":{"@id":"https:\/\/www.ipvsl.com\/#website"},"primaryImageOfPage":{"@id":"https:\/\/www.ipvsl.com\/ipv-completa-la-posada-en-marxa-duna-nova-estacio-de-supercarregadors-tesla-a-sallent\/#primaryimage"},"image":{"@id":"https:\/\/www.ipvsl.com\/ipv-completa-la-posada-en-marxa-duna-nova-estacio-de-supercarregadors-tesla-a-sallent\/#primaryimage"},"thumbnailUrl":"https:\/\/www.ipvsl.com\/wp-content\/uploads\/2024\/12\/TESLA-SALLENT.jpeg","datePublished":"2024-12-18T13:10:11+00:00","author":{"@id":"https:\/\/www.ipvsl.com\/#\/schema\/person\/d64d9aacb7978c883c2acd678554fd25"},"breadcrumb":{"@id":"https:\/\/www.ipvsl.com\/ipv-completa-la-posada-en-marxa-duna-nova-estacio-de-supercarregadors-tesla-a-sallent\/#breadcrumb"},"inLanguage":"es","potentialAction":[{"@type":"ReadAction","target":["https:\/\/www.ipvsl.com\/ipv-completa-la-posada-en-marxa-duna-nova-estacio-de-supercarregadors-tesla-a-sallent\/"]}]},{"@type":"ImageObject","inLanguage":"es","@id":"https:\/\/www.ipvsl.com\/ipv-completa-la-posada-en-marxa-duna-nova-estacio-de-supercarregadors-tesla-a-sallent\/#primaryimage","url":"https:\/\/www.ipvsl.com\/wp-content\/uploads\/2024\/12\/TESLA-SALLENT.jpeg","contentUrl":"https:\/\/www.ipvsl.com\/wp-content\/uploads\/2024\/12\/TESLA-SALLENT.jpeg","width":"2400","height":"1800","caption":"Collage created using TurboCollage software from www.TurboCollage.com"},{"@type":"BreadcrumbList","@id":"https:\/\/www.ipvsl.com\/ipv-completa-la-posada-en-marxa-duna-nova-estacio-de-supercarregadors-tesla-a-sallent\/#breadcrumb","itemListElement":[{"@type":"ListItem","position":1,"name":"Portada","item":"https:\/\/www.ipvsl.com\/"},{"@type":"ListItem","position":2,"name":"IPV completa la posada en marxa d&#8217;una Nova Estaci\u00f3 de Supercarregadors Tesla a Sallent"}]},{"@type":"WebSite","@id":"https:\/\/www.ipvsl.com\/#website","url":"https:\/\/www.ipvsl.com\/","name":"IPV SL","description":"IPV SL","potentialAction":[{"@type":"SearchAction","target":{"@type":"EntryPoint","urlTemplate":"https:\/\/www.ipvsl.com\/?s={search_term_string}"},"query-input":{"@type":"PropertyValueSpecification","valueRequired":true,"valueName":"search_term_string"}}],"inLanguage":"es"},{"@type":"Person","@id":"https:\/\/www.ipvsl.com\/#\/schema\/person\/d64d9aacb7978c883c2acd678554fd25","name":"Txell Moragues","image":{"@type":"ImageObject","inLanguage":"es","@id":"https:\/\/www.ipvsl.com\/#\/schema\/person\/image\/","url":"https:\/\/secure.gravatar.com\/avatar\/0663f85ffea1f1bd091bb905ca1fdb86c0d9bb82ad14b748cb0f028d4adc2ec8?s=96&d=mm&r=g","contentUrl":"https:\/\/secure.gravatar.com\/avatar\/0663f85ffea1f1bd091bb905ca1fdb86c0d9bb82ad14b748cb0f028d4adc2ec8?s=96&d=mm&r=g","caption":"Txell Moragues"},"url":"https:\/\/www.ipvsl.com\/es\/author\/carlos\/"}]}},"_links":{"self":[{"href":"https:\/\/www.ipvsl.com\/es\/wp-json\/wp\/v2\/posts\/4725","targetHints":{"allow":["GET"]}}],"collection":[{"href":"https:\/\/www.ipvsl.com\/es\/wp-json\/wp\/v2\/posts"}],"about":[{"href":"https:\/\/www.ipvsl.com\/es\/wp-json\/wp\/v2\/types\/post"}],"author":[{"embeddable":true,"href":"https:\/\/www.ipvsl.com\/es\/wp-json\/wp\/v2\/users\/3"}],"replies":[{"embeddable":true,"href":"https:\/\/www.ipvsl.com\/es\/wp-json\/wp\/v2\/comments?post=4725"}],"version-history":[{"count":1,"href":"https:\/\/www.ipvsl.com\/es\/wp-json\/wp\/v2\/posts\/4725\/revisions"}],"predecessor-version":[{"id":4727,"href":"https:\/\/www.ipvsl.com\/es\/wp-json\/wp\/v2\/posts\/4725\/revisions\/4727"}],"wp:featuredmedia":[{"embeddable":true,"href":"https:\/\/www.ipvsl.com\/es\/wp-json\/wp\/v2\/media\/4726"}],"wp:attachment":[{"href":"https:\/\/www.ipvsl.com\/es\/wp-json\/wp\/v2\/media?parent=4725"}],"wp:term":[{"taxonomy":"category","embeddable":true,"href":"https:\/\/www.ipvsl.com\/es\/wp-json\/wp\/v2\/categories?post=4725"},{"taxonomy":"post_tag","embeddable":true,"href":"https:\/\/www.ipvsl.com\/es\/wp-json\/wp\/v2\/tags?post=4725"}],"curies":[{"name":"wp","href":"https:\/\/api.w.org\/{rel}","templated":true}]}}