{"id":4710,"date":"2024-09-26T12:17:16","date_gmt":"2024-09-26T12:17:16","guid":{"rendered":"https:\/\/www.ipvsl.com\/?p=4710"},"modified":"2024-11-21T12:47:03","modified_gmt":"2024-11-21T12:47:03","slug":"renovacio-del-contracte-doperacio-i-manteniment-de-les-infraestructures-electriques-per-a-les-centrals-hidrauliques-de-la-uph-ebro-pirineos","status":"publish","type":"post","link":"https:\/\/www.ipvsl.com\/es\/renovacio-del-contracte-doperacio-i-manteniment-de-les-infraestructures-electriques-per-a-les-centrals-hidrauliques-de-la-uph-ebro-pirineos\/","title":{"rendered":"Renovaci\u00f3n del contrato de operaci\u00f3n y mantenimiento de las infraestructuras el\u00e9ctricas para las centrales hidr\u00e1ulicas de la UPH Ebro-Pirineos"},"content":{"rendered":"<p>IPV ha renovado el acuerdo marco con Enel para realizar los servicios de operaciones y mantenimiento de las instalaciones el\u00e9ctricas de sus centrales. Desde 2015 Enel y Endesa Generaci\u00f3n han depositado toda la confianza en nosotros para llevar a cabo estas tareas. La experiencia ganada durante estos a\u00f1os con Endesa Generaci\u00f3n nos permite ofrecer un servicio profesional y ajustado a sus necesidades.<\/p>\n<p>Nuestra principal tarea ser\u00e1 la de realizar el mantenimiento y las obras el\u00e9ctricas de mejora y ampliaci\u00f3n de media y alta tensi\u00f3n en todas las centrales de las siete agrupaciones Ebro-Pirineos, consistente en:<\/p>\n<ul>\n<li>Instalaci\u00f3n y mantenimiento de equipos el\u00e9ctricos diversos.<\/li>\n<li>Suministro y montaje de equipos el\u00e9ctricos diversos (Incluyendo ingenier\u00eda de adaptaci\u00f3n).<\/li>\n<li>Localizaci\u00f3n y reparaci\u00f3n de aver\u00edas el\u00e9ctricas que puedan surgir. (Incluye ingenier\u00eda de modificaci\u00f3n en caso de ser necesaria).<\/li>\n<li>Revisi\u00f3n de interruptores AT y MT.<\/li>\n<li>Revisiones de car\u00e1cter el\u00e9ctrico.<\/li>\n<li>Revisiones termogr\u00e1ficas.<\/li>\n<\/ul>\n<p>Este nuevo contrato que nos liga con Enel hasta 2027, nos permitir\u00e1 mejorar la eficiencia de los equipos por una generaci\u00f3n de energ\u00eda limpia y renovable de las 56 centrales hidroel\u00e9ctricas de la agrupaci\u00f3n Ebro-Pirineos.<\/p>","protected":false},"excerpt":{"rendered":"<p>IPV ha renovado el acuerdo marco con Enel para realizar los servicios de operaciones y mantenimiento de las instalaciones el\u00e9ctricas de sus centrales. Desde 2015 Enel y Endesa Generaci\u00f3n han depositado toda la confianza en nosotros para llevar a cabo estas tareas. La experiencia ganada durante estos a\u00f1os con Endesa Generaci\u00f3n nos permite ofrecer un [&hellip;]<\/p>\n","protected":false},"author":3,"featured_media":4711,"comment_status":"closed","ping_status":"open","sticky":false,"template":"","format":"standard","meta":{"footnotes":""},"categories":[1],"tags":[92,109,107,17,21,68,16,31,22,61],"class_list":["post-4710","post","type-post","status-publish","format-standard","has-post-thumbnail","hentry","category-sin-categoria","tag-central-hidroelectrica","tag-eficiencia-energetica","tag-electricitat","tag-energia","tag-enginyeria","tag-installacions","tag-ipv","tag-lleida","tag-manteniment","tag-sostenibilitat"],"yoast_head":"<!-- This site is optimized with the Yoast SEO plugin v25.7 - https:\/\/yoast.com\/wordpress\/plugins\/seo\/ -->\n<title>Renovaci\u00f3n del contrato de operaci\u00f3n y mantenimiento de las infraestructuras el\u00e9ctricas para las centrales hidr\u00e1ulicas de la UPH Ebro-Pirineos  - IPV SL<\/title>\n<meta name=\"robots\" content=\"index, follow, max-snippet:-1, max-image-preview:large, max-video-preview:-1\" \/>\n<link rel=\"canonical\" href=\"https:\/\/www.ipvsl.com\/renovacio-del-contracte-doperacio-i-manteniment-de-les-infraestructures-electriques-per-a-les-centrals-hidrauliques-de-la-uph-ebro-pirineos\/\" \/>\n<meta property=\"og:locale\" content=\"es_ES\" \/>\n<meta property=\"og:type\" content=\"article\" \/>\n<meta property=\"og:title\" content=\"[:es]Renovaci\u00f3n del contrato de operaci\u00f3n y mantenimiento de las infraestructuras el\u00e9ctricas para las centrales hidr\u00e1ulicas de la UPH Ebro-Pirineos [:ca]Renovaci\u00f3 del contracte d\u2019operaci\u00f3 i manteniment de les infraestructures el\u00e8ctriques per a les centrals hidr\u00e0uliques de la UPH Ebro-Pirineos [:] - IPV SL\" \/>\n<meta property=\"og:description\" content=\"IPV ha renovado el acuerdo marco con Enel para realizar los servicios de operaciones y mantenimiento de las instalaciones el\u00e9ctricas de sus centrales. Desde 2015 Enel y Endesa Generaci\u00f3n han depositado toda la confianza en nosotros para llevar a cabo estas tareas. La experiencia ganada durante estos a\u00f1os con Endesa Generaci\u00f3n nos permite ofrecer un [&hellip;]\" \/>\n<meta property=\"og:url\" content=\"https:\/\/www.ipvsl.com\/renovacio-del-contracte-doperacio-i-manteniment-de-les-infraestructures-electriques-per-a-les-centrals-hidrauliques-de-la-uph-ebro-pirineos\/\" \/>\n<meta property=\"og:site_name\" content=\"IPV SL\" \/>\n<meta property=\"article:published_time\" content=\"2024-09-26T12:17:16+00:00\" \/>\n<meta property=\"article:modified_time\" content=\"2024-11-21T12:47:03+00:00\" \/>\n<meta property=\"og:image\" content=\"https:\/\/www.ipvsl.com\/wp-content\/uploads\/2024\/11\/CENTRAL-HIDROELECTRICA-ENEL.jpg\" \/>\n\t<meta property=\"og:image:width\" content=\"2400\" \/>\n\t<meta property=\"og:image:height\" content=\"1160\" \/>\n\t<meta property=\"og:image:type\" content=\"image\/jpeg\" \/>\n<meta name=\"author\" content=\"Txell Moragues\" \/>\n<meta name=\"twitter:card\" content=\"summary_large_image\" \/>\n<meta name=\"twitter:label1\" content=\"Escrito por\" \/>\n\t<meta name=\"twitter:data1\" content=\"Txell Moragues\" \/>\n\t<meta name=\"twitter:label2\" content=\"Tiempo de lectura\" \/>\n\t<meta name=\"twitter:data2\" content=\"1 minuto\" \/>\n<script type=\"application\/ld+json\" class=\"yoast-schema-graph\">{\"@context\":\"https:\/\/schema.org\",\"@graph\":[{\"@type\":\"WebPage\",\"@id\":\"https:\/\/www.ipvsl.com\/renovacio-del-contracte-doperacio-i-manteniment-de-les-infraestructures-electriques-per-a-les-centrals-hidrauliques-de-la-uph-ebro-pirineos\/\",\"url\":\"https:\/\/www.ipvsl.com\/renovacio-del-contracte-doperacio-i-manteniment-de-les-infraestructures-electriques-per-a-les-centrals-hidrauliques-de-la-uph-ebro-pirineos\/\",\"name\":\"[:es]Renovaci\u00f3n del contrato de operaci\u00f3n y mantenimiento de las infraestructuras el\u00e9ctricas para las centrales hidr\u00e1ulicas de la UPH Ebro-Pirineos [:ca]Renovaci\u00f3 del contracte d\u2019operaci\u00f3 i manteniment de les infraestructures el\u00e8ctriques per a les centrals hidr\u00e0uliques de la UPH Ebro-Pirineos [:] - IPV SL\",\"isPartOf\":{\"@id\":\"https:\/\/www.ipvsl.com\/#website\"},\"primaryImageOfPage\":{\"@id\":\"https:\/\/www.ipvsl.com\/renovacio-del-contracte-doperacio-i-manteniment-de-les-infraestructures-electriques-per-a-les-centrals-hidrauliques-de-la-uph-ebro-pirineos\/#primaryimage\"},\"image\":{\"@id\":\"https:\/\/www.ipvsl.com\/renovacio-del-contracte-doperacio-i-manteniment-de-les-infraestructures-electriques-per-a-les-centrals-hidrauliques-de-la-uph-ebro-pirineos\/#primaryimage\"},\"thumbnailUrl\":\"https:\/\/www.ipvsl.com\/wp-content\/uploads\/2024\/11\/CENTRAL-HIDROELECTRICA-ENEL.jpg\",\"datePublished\":\"2024-09-26T12:17:16+00:00\",\"dateModified\":\"2024-11-21T12:47:03+00:00\",\"author\":{\"@id\":\"https:\/\/www.ipvsl.com\/#\/schema\/person\/d64d9aacb7978c883c2acd678554fd25\"},\"breadcrumb\":{\"@id\":\"https:\/\/www.ipvsl.com\/renovacio-del-contracte-doperacio-i-manteniment-de-les-infraestructures-electriques-per-a-les-centrals-hidrauliques-de-la-uph-ebro-pirineos\/#breadcrumb\"},\"inLanguage\":\"es\",\"potentialAction\":[{\"@type\":\"ReadAction\",\"target\":[\"https:\/\/www.ipvsl.com\/renovacio-del-contracte-doperacio-i-manteniment-de-les-infraestructures-electriques-per-a-les-centrals-hidrauliques-de-la-uph-ebro-pirineos\/\"]}]},{\"@type\":\"ImageObject\",\"inLanguage\":\"es\",\"@id\":\"https:\/\/www.ipvsl.com\/renovacio-del-contracte-doperacio-i-manteniment-de-les-infraestructures-electriques-per-a-les-centrals-hidrauliques-de-la-uph-ebro-pirineos\/#primaryimage\",\"url\":\"https:\/\/www.ipvsl.com\/wp-content\/uploads\/2024\/11\/CENTRAL-HIDROELECTRICA-ENEL.jpg\",\"contentUrl\":\"https:\/\/www.ipvsl.com\/wp-content\/uploads\/2024\/11\/CENTRAL-HIDROELECTRICA-ENEL.jpg\",\"width\":\"2400\",\"height\":\"1160\",\"caption\":\"CENTRAL HIDROEL\u00c8CTRICA ENEL\"},{\"@type\":\"BreadcrumbList\",\"@id\":\"https:\/\/www.ipvsl.com\/renovacio-del-contracte-doperacio-i-manteniment-de-les-infraestructures-electriques-per-a-les-centrals-hidrauliques-de-la-uph-ebro-pirineos\/#breadcrumb\",\"itemListElement\":[{\"@type\":\"ListItem\",\"position\":1,\"name\":\"Portada\",\"item\":\"https:\/\/www.ipvsl.com\/\"},{\"@type\":\"ListItem\",\"position\":2,\"name\":\"Renovaci\u00f3 del contracte d\u2019operaci\u00f3 i manteniment de les infraestructures el\u00e8ctriques per a les centrals hidr\u00e0uliques de la UPH Ebro-Pirineos\"}]},{\"@type\":\"WebSite\",\"@id\":\"https:\/\/www.ipvsl.com\/#website\",\"url\":\"https:\/\/www.ipvsl.com\/\",\"name\":\"IPV SL\",\"description\":\"IPV SL\",\"potentialAction\":[{\"@type\":\"SearchAction\",\"target\":{\"@type\":\"EntryPoint\",\"urlTemplate\":\"https:\/\/www.ipvsl.com\/?s={search_term_string}\"},\"query-input\":{\"@type\":\"PropertyValueSpecification\",\"valueRequired\":true,\"valueName\":\"search_term_string\"}}],\"inLanguage\":\"es\"},{\"@type\":\"Person\",\"@id\":\"https:\/\/www.ipvsl.com\/#\/schema\/person\/d64d9aacb7978c883c2acd678554fd25\",\"name\":\"Txell Moragues\",\"image\":{\"@type\":\"ImageObject\",\"inLanguage\":\"es\",\"@id\":\"https:\/\/www.ipvsl.com\/#\/schema\/person\/image\/\",\"url\":\"https:\/\/secure.gravatar.com\/avatar\/0663f85ffea1f1bd091bb905ca1fdb86c0d9bb82ad14b748cb0f028d4adc2ec8?s=96&d=mm&r=g\",\"contentUrl\":\"https:\/\/secure.gravatar.com\/avatar\/0663f85ffea1f1bd091bb905ca1fdb86c0d9bb82ad14b748cb0f028d4adc2ec8?s=96&d=mm&r=g\",\"caption\":\"Txell Moragues\"},\"url\":\"https:\/\/www.ipvsl.com\/es\/author\/carlos\/\"}]}<\/script>\n<!-- \/ Yoast SEO plugin. -->","yoast_head_json":{"title":"[:es]Renovaci\u00f3n del contrato de operaci\u00f3n y mantenimiento de las infraestructuras el\u00e9ctricas para las centrales hidr\u00e1ulicas de la UPH Ebro-Pirineos [:ca]Renovaci\u00f3 del contracte d\u2019operaci\u00f3 i manteniment de les infraestructures el\u00e8ctriques per a les centrals hidr\u00e0uliques de la UPH Ebro-Pirineos [:] - IPV SL","robots":{"index":"index","follow":"follow","max-snippet":"max-snippet:-1","max-image-preview":"max-image-preview:large","max-video-preview":"max-video-preview:-1"},"canonical":"https:\/\/www.ipvsl.com\/renovacio-del-contracte-doperacio-i-manteniment-de-les-infraestructures-electriques-per-a-les-centrals-hidrauliques-de-la-uph-ebro-pirineos\/","og_locale":"es_ES","og_type":"article","og_title":"[:es]Renovaci\u00f3n del contrato de operaci\u00f3n y mantenimiento de las infraestructuras el\u00e9ctricas para las centrales hidr\u00e1ulicas de la UPH Ebro-Pirineos [:ca]Renovaci\u00f3 del contracte d\u2019operaci\u00f3 i manteniment de les infraestructures el\u00e8ctriques per a les centrals hidr\u00e0uliques de la UPH Ebro-Pirineos [:] - IPV SL","og_description":"IPV ha renovado el acuerdo marco con Enel para realizar los servicios de operaciones y mantenimiento de las instalaciones el\u00e9ctricas de sus centrales. Desde 2015 Enel y Endesa Generaci\u00f3n han depositado toda la confianza en nosotros para llevar a cabo estas tareas. La experiencia ganada durante estos a\u00f1os con Endesa Generaci\u00f3n nos permite ofrecer un [&hellip;]","og_url":"https:\/\/www.ipvsl.com\/renovacio-del-contracte-doperacio-i-manteniment-de-les-infraestructures-electriques-per-a-les-centrals-hidrauliques-de-la-uph-ebro-pirineos\/","og_site_name":"IPV SL","article_published_time":"2024-09-26T12:17:16+00:00","article_modified_time":"2024-11-21T12:47:03+00:00","og_image":[{"width":2400,"height":1160,"url":"https:\/\/www.ipvsl.com\/wp-content\/uploads\/2024\/11\/CENTRAL-HIDROELECTRICA-ENEL.jpg","type":"image\/jpeg"}],"author":"Txell Moragues","twitter_card":"summary_large_image","twitter_misc":{"Escrito por":"Txell Moragues","Tiempo de lectura":"1 minuto"},"schema":{"@context":"https:\/\/schema.org","@graph":[{"@type":"WebPage","@id":"https:\/\/www.ipvsl.com\/renovacio-del-contracte-doperacio-i-manteniment-de-les-infraestructures-electriques-per-a-les-centrals-hidrauliques-de-la-uph-ebro-pirineos\/","url":"https:\/\/www.ipvsl.com\/renovacio-del-contracte-doperacio-i-manteniment-de-les-infraestructures-electriques-per-a-les-centrals-hidrauliques-de-la-uph-ebro-pirineos\/","name":"[:es]Renovaci\u00f3n del contrato de operaci\u00f3n y mantenimiento de las infraestructuras el\u00e9ctricas para las centrales hidr\u00e1ulicas de la UPH Ebro-Pirineos [:ca]Renovaci\u00f3 del contracte d\u2019operaci\u00f3 i manteniment de les infraestructures el\u00e8ctriques per a les centrals hidr\u00e0uliques de la UPH Ebro-Pirineos [:] - IPV SL","isPartOf":{"@id":"https:\/\/www.ipvsl.com\/#website"},"primaryImageOfPage":{"@id":"https:\/\/www.ipvsl.com\/renovacio-del-contracte-doperacio-i-manteniment-de-les-infraestructures-electriques-per-a-les-centrals-hidrauliques-de-la-uph-ebro-pirineos\/#primaryimage"},"image":{"@id":"https:\/\/www.ipvsl.com\/renovacio-del-contracte-doperacio-i-manteniment-de-les-infraestructures-electriques-per-a-les-centrals-hidrauliques-de-la-uph-ebro-pirineos\/#primaryimage"},"thumbnailUrl":"https:\/\/www.ipvsl.com\/wp-content\/uploads\/2024\/11\/CENTRAL-HIDROELECTRICA-ENEL.jpg","datePublished":"2024-09-26T12:17:16+00:00","dateModified":"2024-11-21T12:47:03+00:00","author":{"@id":"https:\/\/www.ipvsl.com\/#\/schema\/person\/d64d9aacb7978c883c2acd678554fd25"},"breadcrumb":{"@id":"https:\/\/www.ipvsl.com\/renovacio-del-contracte-doperacio-i-manteniment-de-les-infraestructures-electriques-per-a-les-centrals-hidrauliques-de-la-uph-ebro-pirineos\/#breadcrumb"},"inLanguage":"es","potentialAction":[{"@type":"ReadAction","target":["https:\/\/www.ipvsl.com\/renovacio-del-contracte-doperacio-i-manteniment-de-les-infraestructures-electriques-per-a-les-centrals-hidrauliques-de-la-uph-ebro-pirineos\/"]}]},{"@type":"ImageObject","inLanguage":"es","@id":"https:\/\/www.ipvsl.com\/renovacio-del-contracte-doperacio-i-manteniment-de-les-infraestructures-electriques-per-a-les-centrals-hidrauliques-de-la-uph-ebro-pirineos\/#primaryimage","url":"https:\/\/www.ipvsl.com\/wp-content\/uploads\/2024\/11\/CENTRAL-HIDROELECTRICA-ENEL.jpg","contentUrl":"https:\/\/www.ipvsl.com\/wp-content\/uploads\/2024\/11\/CENTRAL-HIDROELECTRICA-ENEL.jpg","width":"2400","height":"1160","caption":"CENTRAL HIDROEL\u00c8CTRICA ENEL"},{"@type":"BreadcrumbList","@id":"https:\/\/www.ipvsl.com\/renovacio-del-contracte-doperacio-i-manteniment-de-les-infraestructures-electriques-per-a-les-centrals-hidrauliques-de-la-uph-ebro-pirineos\/#breadcrumb","itemListElement":[{"@type":"ListItem","position":1,"name":"Portada","item":"https:\/\/www.ipvsl.com\/"},{"@type":"ListItem","position":2,"name":"Renovaci\u00f3 del contracte d\u2019operaci\u00f3 i manteniment de les infraestructures el\u00e8ctriques per a les centrals hidr\u00e0uliques de la UPH Ebro-Pirineos"}]},{"@type":"WebSite","@id":"https:\/\/www.ipvsl.com\/#website","url":"https:\/\/www.ipvsl.com\/","name":"IPV SL","description":"IPV SL","potentialAction":[{"@type":"SearchAction","target":{"@type":"EntryPoint","urlTemplate":"https:\/\/www.ipvsl.com\/?s={search_term_string}"},"query-input":{"@type":"PropertyValueSpecification","valueRequired":true,"valueName":"search_term_string"}}],"inLanguage":"es"},{"@type":"Person","@id":"https:\/\/www.ipvsl.com\/#\/schema\/person\/d64d9aacb7978c883c2acd678554fd25","name":"Txell Moragues","image":{"@type":"ImageObject","inLanguage":"es","@id":"https:\/\/www.ipvsl.com\/#\/schema\/person\/image\/","url":"https:\/\/secure.gravatar.com\/avatar\/0663f85ffea1f1bd091bb905ca1fdb86c0d9bb82ad14b748cb0f028d4adc2ec8?s=96&d=mm&r=g","contentUrl":"https:\/\/secure.gravatar.com\/avatar\/0663f85ffea1f1bd091bb905ca1fdb86c0d9bb82ad14b748cb0f028d4adc2ec8?s=96&d=mm&r=g","caption":"Txell Moragues"},"url":"https:\/\/www.ipvsl.com\/es\/author\/carlos\/"}]}},"_links":{"self":[{"href":"https:\/\/www.ipvsl.com\/es\/wp-json\/wp\/v2\/posts\/4710","targetHints":{"allow":["GET"]}}],"collection":[{"href":"https:\/\/www.ipvsl.com\/es\/wp-json\/wp\/v2\/posts"}],"about":[{"href":"https:\/\/www.ipvsl.com\/es\/wp-json\/wp\/v2\/types\/post"}],"author":[{"embeddable":true,"href":"https:\/\/www.ipvsl.com\/es\/wp-json\/wp\/v2\/users\/3"}],"replies":[{"embeddable":true,"href":"https:\/\/www.ipvsl.com\/es\/wp-json\/wp\/v2\/comments?post=4710"}],"version-history":[{"count":1,"href":"https:\/\/www.ipvsl.com\/es\/wp-json\/wp\/v2\/posts\/4710\/revisions"}],"predecessor-version":[{"id":4712,"href":"https:\/\/www.ipvsl.com\/es\/wp-json\/wp\/v2\/posts\/4710\/revisions\/4712"}],"wp:featuredmedia":[{"embeddable":true,"href":"https:\/\/www.ipvsl.com\/es\/wp-json\/wp\/v2\/media\/4711"}],"wp:attachment":[{"href":"https:\/\/www.ipvsl.com\/es\/wp-json\/wp\/v2\/media?parent=4710"}],"wp:term":[{"taxonomy":"category","embeddable":true,"href":"https:\/\/www.ipvsl.com\/es\/wp-json\/wp\/v2\/categories?post=4710"},{"taxonomy":"post_tag","embeddable":true,"href":"https:\/\/www.ipvsl.com\/es\/wp-json\/wp\/v2\/tags?post=4710"}],"curies":[{"name":"wp","href":"https:\/\/api.w.org\/{rel}","templated":true}]}}