{"id":4707,"date":"2024-11-12T13:40:47","date_gmt":"2024-11-12T13:40:47","guid":{"rendered":"https:\/\/www.ipvsl.com\/?p=4707"},"modified":"2024-11-15T13:46:16","modified_gmt":"2024-11-15T13:46:16","slug":"ipv-absorbeix-una-empresa-installadora-especialitzada-en-el-sector-terciari","status":"publish","type":"post","link":"https:\/\/www.ipvsl.com\/es\/ipv-absorbeix-una-empresa-installadora-especialitzada-en-el-sector-terciari\/","title":{"rendered":"IPV absorbe a una empresa instaladora especializada en el sector terciario"},"content":{"rendered":"<p>IPV ha anunciado hoy la absorci\u00f3n de Muntelec, una peque\u00f1a compa\u00f1\u00eda instaladora especializada en el sector terciario. Esta adquisici\u00f3n forma parte de la estrategia de crecimiento de IPV, que busca ampliar su oferta de servicios y afianzarse como referente en instalaciones el\u00e9ctricas tanto para industrias como para organismos p\u00fablicos y privados.<\/p>\n<p>Muntelec, conocida por su especializaci\u00f3n en proyectos el\u00e9ctricos para oficinas, comercios y otros espacios del sector terciario, aportar\u00e1 su experiencia y conocimiento espec\u00edfico al portfolio de servicios de IPV. Esta adquisici\u00f3n permitir\u00e1 a IPV incrementar su capacidad de operar en el sector terciario, mejorando as\u00ed la oferta de soluciones integrales para una amplia gama de clientes.<\/p>\n<p>Seg\u00fan fuentes internas, la integraci\u00f3n de Muntelec tambi\u00e9n supone una oportunidad de sinergia importante, puesto que las capacidades t\u00e9cnicas y el equipo humano de Muntelec complementan la infraestructura y la fuerza laboral de IPV. Esto permitir\u00e1 a la nueva empresa fusionada ofrecer servicios m\u00e1s competitivos y con alto nivel de especializaci\u00f3n.<\/p>\n<p>La adquisici\u00f3n supone un paso importante para IPV en su objetivo de ampliar su alcance y consolidarse en un sector cada vez m\u00e1s exigente. La compa\u00f1\u00eda tiene previsto mantener al personal clave de Muntelec para asegurar una transici\u00f3n eficiente y mantener el nivel de calidad y confianza que caracteriza a ambas empresas.<\/p>\n<p>Con esta absorci\u00f3n, IPV reafirma su compromiso de innovaci\u00f3n y calidad en el mercado de instalaciones el\u00e9ctricas en Catalunya, posicion\u00e1ndose como una empresa l\u00edder en el sector con una oferta amplia y especializada para las necesidades de sus clientes.<\/p>\n<p>&nbsp;<\/p>\n<p>&nbsp;<\/p>\n<p>&nbsp;<\/p>\n<p>&nbsp;<\/p>\n<p>&nbsp;<\/p>\n<p>&nbsp;<\/p>\n<p>&nbsp;<\/p>\n<p>&nbsp;<\/p>\n<p>&nbsp;<\/p>\n<p>&nbsp;<\/p>\n<p>&nbsp;<\/p>\n<p>&nbsp;<\/p>\n<p>&nbsp;<\/p>\n<p>&nbsp;<\/p>","protected":false},"excerpt":{"rendered":"<p>IPV ha anunciado hoy la absorci\u00f3n de Muntelec, una peque\u00f1a compa\u00f1\u00eda instaladora especializada en el sector terciario. Esta adquisici\u00f3n forma parte de la estrategia de crecimiento de IPV, que busca ampliar su oferta de servicios y afianzarse como referente en instalaciones el\u00e9ctricas tanto para industrias como para organismos p\u00fablicos y privados. Muntelec, conocida por su [&hellip;]<\/p>\n","protected":false},"author":3,"featured_media":4700,"comment_status":"closed","ping_status":"open","sticky":false,"template":"","format":"standard","meta":{"footnotes":""},"categories":[1],"tags":[107,116,68,76],"class_list":["post-4707","post","type-post","status-publish","format-standard","has-post-thumbnail","hentry","category-sin-categoria","tag-electricitat","tag-empresa","tag-installacions","tag-servei"],"yoast_head":"<!-- This site is optimized with the Yoast SEO plugin v25.7 - https:\/\/yoast.com\/wordpress\/plugins\/seo\/ -->\n<title>IPV absorbe a una empresa instaladora especializada en el sector terciario - IPV SL<\/title>\n<meta name=\"robots\" content=\"index, follow, max-snippet:-1, max-image-preview:large, max-video-preview:-1\" \/>\n<link rel=\"canonical\" href=\"https:\/\/www.ipvsl.com\/ipv-absorbeix-una-empresa-installadora-especialitzada-en-el-sector-terciari\/\" \/>\n<meta property=\"og:locale\" content=\"es_ES\" \/>\n<meta property=\"og:type\" content=\"article\" \/>\n<meta property=\"og:title\" content=\"[:es]IPV absorbe a una empresa instaladora especializada en el sector terciario[:ca]IPV absorbeix una empresa instal\u00b7ladora especialitzada en el sector terciari[:] - IPV SL\" \/>\n<meta property=\"og:description\" content=\"IPV ha anunciado hoy la absorci\u00f3n de Muntelec, una peque\u00f1a compa\u00f1\u00eda instaladora especializada en el sector terciario. Esta adquisici\u00f3n forma parte de la estrategia de crecimiento de IPV, que busca ampliar su oferta de servicios y afianzarse como referente en instalaciones el\u00e9ctricas tanto para industrias como para organismos p\u00fablicos y privados. Muntelec, conocida por su [&hellip;]\" \/>\n<meta property=\"og:url\" content=\"https:\/\/www.ipvsl.com\/ipv-absorbeix-una-empresa-installadora-especialitzada-en-el-sector-terciari\/\" \/>\n<meta property=\"og:site_name\" content=\"IPV SL\" \/>\n<meta property=\"article:published_time\" content=\"2024-11-12T13:40:47+00:00\" \/>\n<meta property=\"article:modified_time\" content=\"2024-11-15T13:46:16+00:00\" \/>\n<meta property=\"og:image\" content=\"https:\/\/www.ipvsl.com\/wp-content\/uploads\/2024\/11\/Peca-Muntelec.jpg\" \/>\n\t<meta property=\"og:image:width\" content=\"1920\" \/>\n\t<meta property=\"og:image:height\" content=\"1920\" \/>\n\t<meta property=\"og:image:type\" content=\"image\/jpeg\" \/>\n<meta name=\"author\" content=\"Txell Moragues\" \/>\n<meta name=\"twitter:card\" content=\"summary_large_image\" \/>\n<meta name=\"twitter:label1\" content=\"Escrito por\" \/>\n\t<meta name=\"twitter:data1\" content=\"Txell Moragues\" \/>\n\t<meta name=\"twitter:label2\" content=\"Tiempo de lectura\" \/>\n\t<meta name=\"twitter:data2\" content=\"2 minutos\" \/>\n<script type=\"application\/ld+json\" class=\"yoast-schema-graph\">{\"@context\":\"https:\/\/schema.org\",\"@graph\":[{\"@type\":\"WebPage\",\"@id\":\"https:\/\/www.ipvsl.com\/ipv-absorbeix-una-empresa-installadora-especialitzada-en-el-sector-terciari\/\",\"url\":\"https:\/\/www.ipvsl.com\/ipv-absorbeix-una-empresa-installadora-especialitzada-en-el-sector-terciari\/\",\"name\":\"[:es]IPV absorbe a una empresa instaladora especializada en el sector terciario[:ca]IPV absorbeix una empresa instal\u00b7ladora especialitzada en el sector terciari[:] - IPV SL\",\"isPartOf\":{\"@id\":\"https:\/\/www.ipvsl.com\/#website\"},\"primaryImageOfPage\":{\"@id\":\"https:\/\/www.ipvsl.com\/ipv-absorbeix-una-empresa-installadora-especialitzada-en-el-sector-terciari\/#primaryimage\"},\"image\":{\"@id\":\"https:\/\/www.ipvsl.com\/ipv-absorbeix-una-empresa-installadora-especialitzada-en-el-sector-terciari\/#primaryimage\"},\"thumbnailUrl\":\"https:\/\/www.ipvsl.com\/wp-content\/uploads\/2024\/11\/Peca-Muntelec.jpg\",\"datePublished\":\"2024-11-12T13:40:47+00:00\",\"dateModified\":\"2024-11-15T13:46:16+00:00\",\"author\":{\"@id\":\"https:\/\/www.ipvsl.com\/#\/schema\/person\/d64d9aacb7978c883c2acd678554fd25\"},\"breadcrumb\":{\"@id\":\"https:\/\/www.ipvsl.com\/ipv-absorbeix-una-empresa-installadora-especialitzada-en-el-sector-terciari\/#breadcrumb\"},\"inLanguage\":\"es\",\"potentialAction\":[{\"@type\":\"ReadAction\",\"target\":[\"https:\/\/www.ipvsl.com\/ipv-absorbeix-una-empresa-installadora-especialitzada-en-el-sector-terciari\/\"]}]},{\"@type\":\"ImageObject\",\"inLanguage\":\"es\",\"@id\":\"https:\/\/www.ipvsl.com\/ipv-absorbeix-una-empresa-installadora-especialitzada-en-el-sector-terciari\/#primaryimage\",\"url\":\"https:\/\/www.ipvsl.com\/wp-content\/uploads\/2024\/11\/Peca-Muntelec.jpg\",\"contentUrl\":\"https:\/\/www.ipvsl.com\/wp-content\/uploads\/2024\/11\/Peca-Muntelec.jpg\",\"width\":\"1920\",\"height\":\"1920\"},{\"@type\":\"BreadcrumbList\",\"@id\":\"https:\/\/www.ipvsl.com\/ipv-absorbeix-una-empresa-installadora-especialitzada-en-el-sector-terciari\/#breadcrumb\",\"itemListElement\":[{\"@type\":\"ListItem\",\"position\":1,\"name\":\"Portada\",\"item\":\"https:\/\/www.ipvsl.com\/\"},{\"@type\":\"ListItem\",\"position\":2,\"name\":\"IPV absorbeix una empresa instal\u00b7ladora especialitzada en el sector terciari\"}]},{\"@type\":\"WebSite\",\"@id\":\"https:\/\/www.ipvsl.com\/#website\",\"url\":\"https:\/\/www.ipvsl.com\/\",\"name\":\"IPV SL\",\"description\":\"IPV SL\",\"potentialAction\":[{\"@type\":\"SearchAction\",\"target\":{\"@type\":\"EntryPoint\",\"urlTemplate\":\"https:\/\/www.ipvsl.com\/?s={search_term_string}\"},\"query-input\":{\"@type\":\"PropertyValueSpecification\",\"valueRequired\":true,\"valueName\":\"search_term_string\"}}],\"inLanguage\":\"es\"},{\"@type\":\"Person\",\"@id\":\"https:\/\/www.ipvsl.com\/#\/schema\/person\/d64d9aacb7978c883c2acd678554fd25\",\"name\":\"Txell Moragues\",\"image\":{\"@type\":\"ImageObject\",\"inLanguage\":\"es\",\"@id\":\"https:\/\/www.ipvsl.com\/#\/schema\/person\/image\/\",\"url\":\"https:\/\/secure.gravatar.com\/avatar\/0663f85ffea1f1bd091bb905ca1fdb86c0d9bb82ad14b748cb0f028d4adc2ec8?s=96&d=mm&r=g\",\"contentUrl\":\"https:\/\/secure.gravatar.com\/avatar\/0663f85ffea1f1bd091bb905ca1fdb86c0d9bb82ad14b748cb0f028d4adc2ec8?s=96&d=mm&r=g\",\"caption\":\"Txell Moragues\"},\"url\":\"https:\/\/www.ipvsl.com\/es\/author\/carlos\/\"}]}<\/script>\n<!-- \/ Yoast SEO plugin. -->","yoast_head_json":{"title":"[:es]IPV absorbe a una empresa instaladora especializada en el sector terciario[:ca]IPV absorbeix una empresa instal\u00b7ladora especialitzada en el sector terciari[:] - IPV SL","robots":{"index":"index","follow":"follow","max-snippet":"max-snippet:-1","max-image-preview":"max-image-preview:large","max-video-preview":"max-video-preview:-1"},"canonical":"https:\/\/www.ipvsl.com\/ipv-absorbeix-una-empresa-installadora-especialitzada-en-el-sector-terciari\/","og_locale":"es_ES","og_type":"article","og_title":"[:es]IPV absorbe a una empresa instaladora especializada en el sector terciario[:ca]IPV absorbeix una empresa instal\u00b7ladora especialitzada en el sector terciari[:] - IPV SL","og_description":"IPV ha anunciado hoy la absorci\u00f3n de Muntelec, una peque\u00f1a compa\u00f1\u00eda instaladora especializada en el sector terciario. Esta adquisici\u00f3n forma parte de la estrategia de crecimiento de IPV, que busca ampliar su oferta de servicios y afianzarse como referente en instalaciones el\u00e9ctricas tanto para industrias como para organismos p\u00fablicos y privados. Muntelec, conocida por su [&hellip;]","og_url":"https:\/\/www.ipvsl.com\/ipv-absorbeix-una-empresa-installadora-especialitzada-en-el-sector-terciari\/","og_site_name":"IPV SL","article_published_time":"2024-11-12T13:40:47+00:00","article_modified_time":"2024-11-15T13:46:16+00:00","og_image":[{"width":1920,"height":1920,"url":"https:\/\/www.ipvsl.com\/wp-content\/uploads\/2024\/11\/Peca-Muntelec.jpg","type":"image\/jpeg"}],"author":"Txell Moragues","twitter_card":"summary_large_image","twitter_misc":{"Escrito por":"Txell Moragues","Tiempo de lectura":"2 minutos"},"schema":{"@context":"https:\/\/schema.org","@graph":[{"@type":"WebPage","@id":"https:\/\/www.ipvsl.com\/ipv-absorbeix-una-empresa-installadora-especialitzada-en-el-sector-terciari\/","url":"https:\/\/www.ipvsl.com\/ipv-absorbeix-una-empresa-installadora-especialitzada-en-el-sector-terciari\/","name":"[:es]IPV absorbe a una empresa instaladora especializada en el sector terciario[:ca]IPV absorbeix una empresa instal\u00b7ladora especialitzada en el sector terciari[:] - IPV SL","isPartOf":{"@id":"https:\/\/www.ipvsl.com\/#website"},"primaryImageOfPage":{"@id":"https:\/\/www.ipvsl.com\/ipv-absorbeix-una-empresa-installadora-especialitzada-en-el-sector-terciari\/#primaryimage"},"image":{"@id":"https:\/\/www.ipvsl.com\/ipv-absorbeix-una-empresa-installadora-especialitzada-en-el-sector-terciari\/#primaryimage"},"thumbnailUrl":"https:\/\/www.ipvsl.com\/wp-content\/uploads\/2024\/11\/Peca-Muntelec.jpg","datePublished":"2024-11-12T13:40:47+00:00","dateModified":"2024-11-15T13:46:16+00:00","author":{"@id":"https:\/\/www.ipvsl.com\/#\/schema\/person\/d64d9aacb7978c883c2acd678554fd25"},"breadcrumb":{"@id":"https:\/\/www.ipvsl.com\/ipv-absorbeix-una-empresa-installadora-especialitzada-en-el-sector-terciari\/#breadcrumb"},"inLanguage":"es","potentialAction":[{"@type":"ReadAction","target":["https:\/\/www.ipvsl.com\/ipv-absorbeix-una-empresa-installadora-especialitzada-en-el-sector-terciari\/"]}]},{"@type":"ImageObject","inLanguage":"es","@id":"https:\/\/www.ipvsl.com\/ipv-absorbeix-una-empresa-installadora-especialitzada-en-el-sector-terciari\/#primaryimage","url":"https:\/\/www.ipvsl.com\/wp-content\/uploads\/2024\/11\/Peca-Muntelec.jpg","contentUrl":"https:\/\/www.ipvsl.com\/wp-content\/uploads\/2024\/11\/Peca-Muntelec.jpg","width":"1920","height":"1920"},{"@type":"BreadcrumbList","@id":"https:\/\/www.ipvsl.com\/ipv-absorbeix-una-empresa-installadora-especialitzada-en-el-sector-terciari\/#breadcrumb","itemListElement":[{"@type":"ListItem","position":1,"name":"Portada","item":"https:\/\/www.ipvsl.com\/"},{"@type":"ListItem","position":2,"name":"IPV absorbeix una empresa instal\u00b7ladora especialitzada en el sector terciari"}]},{"@type":"WebSite","@id":"https:\/\/www.ipvsl.com\/#website","url":"https:\/\/www.ipvsl.com\/","name":"IPV SL","description":"IPV SL","potentialAction":[{"@type":"SearchAction","target":{"@type":"EntryPoint","urlTemplate":"https:\/\/www.ipvsl.com\/?s={search_term_string}"},"query-input":{"@type":"PropertyValueSpecification","valueRequired":true,"valueName":"search_term_string"}}],"inLanguage":"es"},{"@type":"Person","@id":"https:\/\/www.ipvsl.com\/#\/schema\/person\/d64d9aacb7978c883c2acd678554fd25","name":"Txell Moragues","image":{"@type":"ImageObject","inLanguage":"es","@id":"https:\/\/www.ipvsl.com\/#\/schema\/person\/image\/","url":"https:\/\/secure.gravatar.com\/avatar\/0663f85ffea1f1bd091bb905ca1fdb86c0d9bb82ad14b748cb0f028d4adc2ec8?s=96&d=mm&r=g","contentUrl":"https:\/\/secure.gravatar.com\/avatar\/0663f85ffea1f1bd091bb905ca1fdb86c0d9bb82ad14b748cb0f028d4adc2ec8?s=96&d=mm&r=g","caption":"Txell Moragues"},"url":"https:\/\/www.ipvsl.com\/es\/author\/carlos\/"}]}},"_links":{"self":[{"href":"https:\/\/www.ipvsl.com\/es\/wp-json\/wp\/v2\/posts\/4707","targetHints":{"allow":["GET"]}}],"collection":[{"href":"https:\/\/www.ipvsl.com\/es\/wp-json\/wp\/v2\/posts"}],"about":[{"href":"https:\/\/www.ipvsl.com\/es\/wp-json\/wp\/v2\/types\/post"}],"author":[{"embeddable":true,"href":"https:\/\/www.ipvsl.com\/es\/wp-json\/wp\/v2\/users\/3"}],"replies":[{"embeddable":true,"href":"https:\/\/www.ipvsl.com\/es\/wp-json\/wp\/v2\/comments?post=4707"}],"version-history":[{"count":2,"href":"https:\/\/www.ipvsl.com\/es\/wp-json\/wp\/v2\/posts\/4707\/revisions"}],"predecessor-version":[{"id":4709,"href":"https:\/\/www.ipvsl.com\/es\/wp-json\/wp\/v2\/posts\/4707\/revisions\/4709"}],"wp:featuredmedia":[{"embeddable":true,"href":"https:\/\/www.ipvsl.com\/es\/wp-json\/wp\/v2\/media\/4700"}],"wp:attachment":[{"href":"https:\/\/www.ipvsl.com\/es\/wp-json\/wp\/v2\/media?parent=4707"}],"wp:term":[{"taxonomy":"category","embeddable":true,"href":"https:\/\/www.ipvsl.com\/es\/wp-json\/wp\/v2\/categories?post=4707"},{"taxonomy":"post_tag","embeddable":true,"href":"https:\/\/www.ipvsl.com\/es\/wp-json\/wp\/v2\/tags?post=4707"}],"curies":[{"name":"wp","href":"https:\/\/api.w.org\/{rel}","templated":true}]}}