{"id":4565,"date":"2023-03-31T10:16:36","date_gmt":"2023-03-31T10:16:36","guid":{"rendered":"https:\/\/www.ipvsl.com\/?p=4565"},"modified":"2023-04-05T10:48:29","modified_gmt":"2023-04-05T10:48:29","slug":"ipv-modernitza-les-installacions-de-la-ch-de-sau","status":"publish","type":"post","link":"https:\/\/www.ipvsl.com\/es\/ipv-modernitza-les-installacions-de-la-ch-de-sau\/","title":{"rendered":"IPV moderniza las instalaciones de la CH de Sau"},"content":{"rendered":"<p>Este mes de marzo iniciamos las labores de <strong><a href=\"https:\/\/www.ipvsl.com\/espanol-sustituiremos-los-viejos-embarrados-de-la-central-hidroelectrica-de-sau\/\">modernizaci\u00f3n del sistema de 10,5 kV<\/a> de la <a href=\"https:\/\/www.consorcidelter.cat\/el-territori-del-ter\/rutes\/ruta-del-patrimoni-cultural-fluvial\/produccio\/central-de-sau\">Central Hidroel\u00e9ctrica de SAU<\/a> para <a href=\"https:\/\/www.enelgreenpower.com\/es\">ENEL GREEN POWER<\/a><\/strong>. Esta obra fue adjudicada a IPV en 2021 pero, debido a la sequ\u00eda, tuvo que posponerse su ejecuci\u00f3n.<\/p>\n<p>Las obras del embalse de Sau se iniciaron en 1949, y las compuertas de la presa se cerraron en 1963. En ese mismo momento empez\u00f3 a funcionar la central.<\/p>\n<p>La central hidroel\u00e9ctrica subterr\u00e1nea fue construida al pie de la presa de Sau, a 25m debajo del r\u00edo Ter. Aprovecha un salto de agua de casi 100 m, lo que le permite obtener una potencia instalada de 75.000 CV y \u200b\u200buna producci\u00f3n de 85 millones de kilowatios\/hora.<\/p>\n<p>En el marco del programa de modernizaci\u00f3n de las instalaciones, nos encargaremos del sistema de 10,5 kV, realizando las tareas que relacionamos a continuaci\u00f3n:<\/p>\n<ul>\n<li>Realizaci\u00f3n de un proyecto de ingenier\u00eda que incluya el dise\u00f1o y el c\u00e1lculo electromec\u00e1nico.<\/li>\n<li>Desmontaje del embarrado de los grupos 1 y 2.<\/li>\n<li>Desmontaje de los aisladores cer\u00e1micos que soportan el actual embarrado de Aluminio de 10,5 kV de los grupos 1 y 2.<\/li>\n<li>Extendido y soporte de los cables aislados, que sustituyen al embarrado retirado.<\/li>\n<li>Conexi\u00f3n de los cables a la salida de los alternadores de los grupos 1 y 2.<\/li>\n<\/ul>\n<p>En el plazo de un mes esta obra deber\u00e1 estar finalizada.<\/p>","protected":false},"excerpt":{"rendered":"<p>Este mes de marzo iniciamos las labores de modernizaci\u00f3n del sistema de 10,5 kV de la Central Hidroel\u00e9ctrica de SAU para ENEL GREEN POWER. Esta obra fue adjudicada a IPV en 2021 pero, debido a la sequ\u00eda, tuvo que posponerse su ejecuci\u00f3n. Las obras del embalse de Sau se iniciaron en 1949, y las compuertas [&hellip;]<\/p>\n","protected":false},"author":3,"featured_media":4568,"comment_status":"closed","ping_status":"open","sticky":false,"template":"","format":"standard","meta":{"footnotes":""},"categories":[1],"tags":[107,17,115,50],"class_list":["post-4565","post","type-post","status-publish","format-standard","has-post-thumbnail","hentry","category-sin-categoria","tag-electricitat","tag-energia","tag-energia-hidraulica","tag-renovables"],"yoast_head":"<!-- This site is optimized with the Yoast SEO plugin v25.7 - https:\/\/yoast.com\/wordpress\/plugins\/seo\/ -->\n<title>IPV moderniza las instalaciones de la CH de Sau - IPV SL<\/title>\n<meta name=\"robots\" content=\"index, follow, max-snippet:-1, max-image-preview:large, max-video-preview:-1\" \/>\n<link rel=\"canonical\" href=\"https:\/\/www.ipvsl.com\/ipv-modernitza-les-installacions-de-la-ch-de-sau\/\" \/>\n<meta property=\"og:locale\" content=\"es_ES\" \/>\n<meta property=\"og:type\" content=\"article\" \/>\n<meta property=\"og:title\" content=\"[:es]IPV moderniza las instalaciones de la CH de Sau[:ca]IPV modernitza les instal\u00b7lacions de la CH de Sau[:] - IPV SL\" \/>\n<meta property=\"og:description\" content=\"Este mes de marzo iniciamos las labores de modernizaci\u00f3n del sistema de 10,5 kV de la Central Hidroel\u00e9ctrica de SAU para ENEL GREEN POWER. Esta obra fue adjudicada a IPV en 2021 pero, debido a la sequ\u00eda, tuvo que posponerse su ejecuci\u00f3n. Las obras del embalse de Sau se iniciaron en 1949, y las compuertas [&hellip;]\" \/>\n<meta property=\"og:url\" content=\"https:\/\/www.ipvsl.com\/ipv-modernitza-les-installacions-de-la-ch-de-sau\/\" \/>\n<meta property=\"og:site_name\" content=\"IPV SL\" \/>\n<meta property=\"article:published_time\" content=\"2023-03-31T10:16:36+00:00\" \/>\n<meta property=\"article:modified_time\" content=\"2023-04-05T10:48:29+00:00\" \/>\n<meta property=\"og:image\" content=\"https:\/\/www.ipvsl.com\/wp-content\/uploads\/2023\/03\/Sau-scaled.jpg\" \/>\n\t<meta property=\"og:image:width\" content=\"2560\" \/>\n\t<meta property=\"og:image:height\" content=\"1700\" \/>\n\t<meta property=\"og:image:type\" content=\"image\/jpeg\" \/>\n<meta name=\"author\" content=\"Txell Moragues\" \/>\n<meta name=\"twitter:card\" content=\"summary_large_image\" \/>\n<meta name=\"twitter:label1\" content=\"Escrito por\" \/>\n\t<meta name=\"twitter:data1\" content=\"Txell Moragues\" \/>\n\t<meta name=\"twitter:label2\" content=\"Tiempo de lectura\" \/>\n\t<meta name=\"twitter:data2\" content=\"2 minutos\" \/>\n<script type=\"application\/ld+json\" class=\"yoast-schema-graph\">{\"@context\":\"https:\/\/schema.org\",\"@graph\":[{\"@type\":\"WebPage\",\"@id\":\"https:\/\/www.ipvsl.com\/ipv-modernitza-les-installacions-de-la-ch-de-sau\/\",\"url\":\"https:\/\/www.ipvsl.com\/ipv-modernitza-les-installacions-de-la-ch-de-sau\/\",\"name\":\"[:es]IPV moderniza las instalaciones de la CH de Sau[:ca]IPV modernitza les instal\u00b7lacions de la CH de Sau[:] - IPV SL\",\"isPartOf\":{\"@id\":\"https:\/\/www.ipvsl.com\/#website\"},\"primaryImageOfPage\":{\"@id\":\"https:\/\/www.ipvsl.com\/ipv-modernitza-les-installacions-de-la-ch-de-sau\/#primaryimage\"},\"image\":{\"@id\":\"https:\/\/www.ipvsl.com\/ipv-modernitza-les-installacions-de-la-ch-de-sau\/#primaryimage\"},\"thumbnailUrl\":\"https:\/\/www.ipvsl.com\/wp-content\/uploads\/2023\/03\/Sau-scaled.jpg\",\"datePublished\":\"2023-03-31T10:16:36+00:00\",\"dateModified\":\"2023-04-05T10:48:29+00:00\",\"author\":{\"@id\":\"https:\/\/www.ipvsl.com\/#\/schema\/person\/d64d9aacb7978c883c2acd678554fd25\"},\"breadcrumb\":{\"@id\":\"https:\/\/www.ipvsl.com\/ipv-modernitza-les-installacions-de-la-ch-de-sau\/#breadcrumb\"},\"inLanguage\":\"es\",\"potentialAction\":[{\"@type\":\"ReadAction\",\"target\":[\"https:\/\/www.ipvsl.com\/ipv-modernitza-les-installacions-de-la-ch-de-sau\/\"]}]},{\"@type\":\"ImageObject\",\"inLanguage\":\"es\",\"@id\":\"https:\/\/www.ipvsl.com\/ipv-modernitza-les-installacions-de-la-ch-de-sau\/#primaryimage\",\"url\":\"https:\/\/www.ipvsl.com\/wp-content\/uploads\/2023\/03\/Sau-scaled.jpg\",\"contentUrl\":\"https:\/\/www.ipvsl.com\/wp-content\/uploads\/2023\/03\/Sau-scaled.jpg\",\"width\":\"2560\",\"height\":\"1700\",\"caption\":\"Central hidroel\u00e8ctrica de Sau\"},{\"@type\":\"BreadcrumbList\",\"@id\":\"https:\/\/www.ipvsl.com\/ipv-modernitza-les-installacions-de-la-ch-de-sau\/#breadcrumb\",\"itemListElement\":[{\"@type\":\"ListItem\",\"position\":1,\"name\":\"Portada\",\"item\":\"https:\/\/www.ipvsl.com\/\"},{\"@type\":\"ListItem\",\"position\":2,\"name\":\"IPV modernitza les instal\u00b7lacions de la CH de Sau\"}]},{\"@type\":\"WebSite\",\"@id\":\"https:\/\/www.ipvsl.com\/#website\",\"url\":\"https:\/\/www.ipvsl.com\/\",\"name\":\"IPV SL\",\"description\":\"IPV SL\",\"potentialAction\":[{\"@type\":\"SearchAction\",\"target\":{\"@type\":\"EntryPoint\",\"urlTemplate\":\"https:\/\/www.ipvsl.com\/?s={search_term_string}\"},\"query-input\":{\"@type\":\"PropertyValueSpecification\",\"valueRequired\":true,\"valueName\":\"search_term_string\"}}],\"inLanguage\":\"es\"},{\"@type\":\"Person\",\"@id\":\"https:\/\/www.ipvsl.com\/#\/schema\/person\/d64d9aacb7978c883c2acd678554fd25\",\"name\":\"Txell Moragues\",\"image\":{\"@type\":\"ImageObject\",\"inLanguage\":\"es\",\"@id\":\"https:\/\/www.ipvsl.com\/#\/schema\/person\/image\/\",\"url\":\"https:\/\/secure.gravatar.com\/avatar\/0663f85ffea1f1bd091bb905ca1fdb86c0d9bb82ad14b748cb0f028d4adc2ec8?s=96&d=mm&r=g\",\"contentUrl\":\"https:\/\/secure.gravatar.com\/avatar\/0663f85ffea1f1bd091bb905ca1fdb86c0d9bb82ad14b748cb0f028d4adc2ec8?s=96&d=mm&r=g\",\"caption\":\"Txell Moragues\"},\"url\":\"https:\/\/www.ipvsl.com\/es\/author\/carlos\/\"}]}<\/script>\n<!-- \/ Yoast SEO plugin. -->","yoast_head_json":{"title":"[:es]IPV moderniza las instalaciones de la CH de Sau[:ca]IPV modernitza les instal\u00b7lacions de la CH de Sau[:] - IPV SL","robots":{"index":"index","follow":"follow","max-snippet":"max-snippet:-1","max-image-preview":"max-image-preview:large","max-video-preview":"max-video-preview:-1"},"canonical":"https:\/\/www.ipvsl.com\/ipv-modernitza-les-installacions-de-la-ch-de-sau\/","og_locale":"es_ES","og_type":"article","og_title":"[:es]IPV moderniza las instalaciones de la CH de Sau[:ca]IPV modernitza les instal\u00b7lacions de la CH de Sau[:] - IPV SL","og_description":"Este mes de marzo iniciamos las labores de modernizaci\u00f3n del sistema de 10,5 kV de la Central Hidroel\u00e9ctrica de SAU para ENEL GREEN POWER. Esta obra fue adjudicada a IPV en 2021 pero, debido a la sequ\u00eda, tuvo que posponerse su ejecuci\u00f3n. Las obras del embalse de Sau se iniciaron en 1949, y las compuertas [&hellip;]","og_url":"https:\/\/www.ipvsl.com\/ipv-modernitza-les-installacions-de-la-ch-de-sau\/","og_site_name":"IPV SL","article_published_time":"2023-03-31T10:16:36+00:00","article_modified_time":"2023-04-05T10:48:29+00:00","og_image":[{"width":2560,"height":1700,"url":"https:\/\/www.ipvsl.com\/wp-content\/uploads\/2023\/03\/Sau-scaled.jpg","type":"image\/jpeg"}],"author":"Txell Moragues","twitter_card":"summary_large_image","twitter_misc":{"Escrito por":"Txell Moragues","Tiempo de lectura":"2 minutos"},"schema":{"@context":"https:\/\/schema.org","@graph":[{"@type":"WebPage","@id":"https:\/\/www.ipvsl.com\/ipv-modernitza-les-installacions-de-la-ch-de-sau\/","url":"https:\/\/www.ipvsl.com\/ipv-modernitza-les-installacions-de-la-ch-de-sau\/","name":"[:es]IPV moderniza las instalaciones de la CH de Sau[:ca]IPV modernitza les instal\u00b7lacions de la CH de Sau[:] - IPV SL","isPartOf":{"@id":"https:\/\/www.ipvsl.com\/#website"},"primaryImageOfPage":{"@id":"https:\/\/www.ipvsl.com\/ipv-modernitza-les-installacions-de-la-ch-de-sau\/#primaryimage"},"image":{"@id":"https:\/\/www.ipvsl.com\/ipv-modernitza-les-installacions-de-la-ch-de-sau\/#primaryimage"},"thumbnailUrl":"https:\/\/www.ipvsl.com\/wp-content\/uploads\/2023\/03\/Sau-scaled.jpg","datePublished":"2023-03-31T10:16:36+00:00","dateModified":"2023-04-05T10:48:29+00:00","author":{"@id":"https:\/\/www.ipvsl.com\/#\/schema\/person\/d64d9aacb7978c883c2acd678554fd25"},"breadcrumb":{"@id":"https:\/\/www.ipvsl.com\/ipv-modernitza-les-installacions-de-la-ch-de-sau\/#breadcrumb"},"inLanguage":"es","potentialAction":[{"@type":"ReadAction","target":["https:\/\/www.ipvsl.com\/ipv-modernitza-les-installacions-de-la-ch-de-sau\/"]}]},{"@type":"ImageObject","inLanguage":"es","@id":"https:\/\/www.ipvsl.com\/ipv-modernitza-les-installacions-de-la-ch-de-sau\/#primaryimage","url":"https:\/\/www.ipvsl.com\/wp-content\/uploads\/2023\/03\/Sau-scaled.jpg","contentUrl":"https:\/\/www.ipvsl.com\/wp-content\/uploads\/2023\/03\/Sau-scaled.jpg","width":"2560","height":"1700","caption":"Central hidroel\u00e8ctrica de Sau"},{"@type":"BreadcrumbList","@id":"https:\/\/www.ipvsl.com\/ipv-modernitza-les-installacions-de-la-ch-de-sau\/#breadcrumb","itemListElement":[{"@type":"ListItem","position":1,"name":"Portada","item":"https:\/\/www.ipvsl.com\/"},{"@type":"ListItem","position":2,"name":"IPV modernitza les instal\u00b7lacions de la CH de Sau"}]},{"@type":"WebSite","@id":"https:\/\/www.ipvsl.com\/#website","url":"https:\/\/www.ipvsl.com\/","name":"IPV SL","description":"IPV SL","potentialAction":[{"@type":"SearchAction","target":{"@type":"EntryPoint","urlTemplate":"https:\/\/www.ipvsl.com\/?s={search_term_string}"},"query-input":{"@type":"PropertyValueSpecification","valueRequired":true,"valueName":"search_term_string"}}],"inLanguage":"es"},{"@type":"Person","@id":"https:\/\/www.ipvsl.com\/#\/schema\/person\/d64d9aacb7978c883c2acd678554fd25","name":"Txell Moragues","image":{"@type":"ImageObject","inLanguage":"es","@id":"https:\/\/www.ipvsl.com\/#\/schema\/person\/image\/","url":"https:\/\/secure.gravatar.com\/avatar\/0663f85ffea1f1bd091bb905ca1fdb86c0d9bb82ad14b748cb0f028d4adc2ec8?s=96&d=mm&r=g","contentUrl":"https:\/\/secure.gravatar.com\/avatar\/0663f85ffea1f1bd091bb905ca1fdb86c0d9bb82ad14b748cb0f028d4adc2ec8?s=96&d=mm&r=g","caption":"Txell Moragues"},"url":"https:\/\/www.ipvsl.com\/es\/author\/carlos\/"}]}},"_links":{"self":[{"href":"https:\/\/www.ipvsl.com\/es\/wp-json\/wp\/v2\/posts\/4565","targetHints":{"allow":["GET"]}}],"collection":[{"href":"https:\/\/www.ipvsl.com\/es\/wp-json\/wp\/v2\/posts"}],"about":[{"href":"https:\/\/www.ipvsl.com\/es\/wp-json\/wp\/v2\/types\/post"}],"author":[{"embeddable":true,"href":"https:\/\/www.ipvsl.com\/es\/wp-json\/wp\/v2\/users\/3"}],"replies":[{"embeddable":true,"href":"https:\/\/www.ipvsl.com\/es\/wp-json\/wp\/v2\/comments?post=4565"}],"version-history":[{"count":1,"href":"https:\/\/www.ipvsl.com\/es\/wp-json\/wp\/v2\/posts\/4565\/revisions"}],"predecessor-version":[{"id":4567,"href":"https:\/\/www.ipvsl.com\/es\/wp-json\/wp\/v2\/posts\/4565\/revisions\/4567"}],"wp:featuredmedia":[{"embeddable":true,"href":"https:\/\/www.ipvsl.com\/es\/wp-json\/wp\/v2\/media\/4568"}],"wp:attachment":[{"href":"https:\/\/www.ipvsl.com\/es\/wp-json\/wp\/v2\/media?parent=4565"}],"wp:term":[{"taxonomy":"category","embeddable":true,"href":"https:\/\/www.ipvsl.com\/es\/wp-json\/wp\/v2\/categories?post=4565"},{"taxonomy":"post_tag","embeddable":true,"href":"https:\/\/www.ipvsl.com\/es\/wp-json\/wp\/v2\/tags?post=4565"}],"curies":[{"name":"wp","href":"https:\/\/api.w.org\/{rel}","templated":true}]}}