{"id":1518,"date":"2020-04-01T19:55:15","date_gmt":"2020-04-01T19:55:15","guid":{"rendered":"https:\/\/www.ipvsl.com\/?p=1518"},"modified":"2020-04-01T20:07:00","modified_gmt":"2020-04-01T20:07:00","slug":"cogeneracions-industries-essencials","status":"publish","type":"post","link":"https:\/\/www.ipvsl.com\/es\/cogeneracions-industries-essencials\/","title":{"rendered":"La cogeneraci\u00f3n mantendr\u00e1 la actividad para dar servicio a industrias esenciales"},"content":{"rendered":"<p>La Asociaci\u00f3n Espa\u00f1ola de Cogeneraci\u00f3n (Acogen)\u00a0ha anunciado que las cogeneraciones mantendr\u00e1n buena parte de su actividad energ\u00e9tica para prestar servicio a industrias consideradas esenciales. Es decir, para atender las necesidades de compa\u00f1\u00edas que no se ven afectadas por la paralizaci\u00f3n econ\u00f3mica decretada por el Gobierno estatal, despu\u00e9s de endurecer las restricciones derivadas de la declaraci\u00f3n del estado de alarma causado por la crisis sanitaria del\u00a0coronavirus.<\/p>\n<p>En concreto,\u00a0Acogen\u00a0estima que las cogeneraciones continuar\u00e1n en unos niveles de entre el 50% y el 80% de los que son habituales. De este modo, dar\u00e1 servicio a industrias que quedan excluidas del par\u00f3n de la actividad econ\u00f3mica, como son las de los sectores de alimentaci\u00f3n, papel, qu\u00edmica, residuos, aguas, refinado o suministro el\u00e9ctrico, entre otros.<\/p>\n<p>Acogen\u00a0calcula que durante el mes de marzo recientemente finalizado la producci\u00f3n de las cogeneraciones se redujo un 13% respecto al mismo periodo del a\u00f1o pasado. Esta ca\u00edda, seg\u00fan indican desde la Asociaci\u00f3n, es consecuencia directa de los ajustes realizados a su retribuci\u00f3n, el hundimiento de los mercados energ\u00e9ticos y la situaci\u00f3n de actividad ligada a la crisis del\u00a0Covid-19.<\/p>","protected":false},"excerpt":{"rendered":"<p>La Asociaci\u00f3n Espa\u00f1ola de Cogeneraci\u00f3n (Acogen)\u00a0ha anunciado que las cogeneraciones mantendr\u00e1n buena parte de su actividad energ\u00e9tica para prestar servicio a industrias consideradas esenciales. Es decir, para atender las necesidades de compa\u00f1\u00edas que no se ven afectadas por la paralizaci\u00f3n econ\u00f3mica decretada por el Gobierno estatal, despu\u00e9s de endurecer las restricciones derivadas de la declaraci\u00f3n [&hellip;]<\/p>\n","protected":false},"author":3,"featured_media":1520,"comment_status":"closed","ping_status":"open","sticky":false,"template":"","format":"standard","meta":{"footnotes":""},"categories":[1],"tags":[73,72,69,17,16,31],"class_list":["post-1518","post","type-post","status-publish","format-standard","has-post-thumbnail","hentry","category-sin-categoria","tag-cogeneracio","tag-coronavirus","tag-covid-19","tag-energia","tag-ipv","tag-lleida"],"yoast_head":"<!-- This site is optimized with the Yoast SEO plugin v25.7 - https:\/\/yoast.com\/wordpress\/plugins\/seo\/ -->\n<title>La cogeneraci\u00f3n mantendr\u00e1 la actividad para dar servicio a industrias esenciales - IPV SL<\/title>\n<meta name=\"robots\" content=\"index, follow, max-snippet:-1, max-image-preview:large, max-video-preview:-1\" \/>\n<link rel=\"canonical\" href=\"https:\/\/www.ipvsl.com\/cogeneracions-industries-essencials\/\" \/>\n<meta property=\"og:locale\" content=\"es_ES\" \/>\n<meta property=\"og:type\" content=\"article\" \/>\n<meta property=\"og:title\" content=\"[:es]La cogeneraci\u00f3n mantendr\u00e1 la actividad para dar servicio a industrias esenciales[:ca]La cogeneraci\u00f3 mantindr\u00e0 l&#039;activitat per donar servei a ind\u00fastries essencials[:] - IPV SL\" \/>\n<meta property=\"og:description\" content=\"La Asociaci\u00f3n Espa\u00f1ola de Cogeneraci\u00f3n (Acogen)\u00a0ha anunciado que las cogeneraciones mantendr\u00e1n buena parte de su actividad energ\u00e9tica para prestar servicio a industrias consideradas esenciales. Es decir, para atender las necesidades de compa\u00f1\u00edas que no se ven afectadas por la paralizaci\u00f3n econ\u00f3mica decretada por el Gobierno estatal, despu\u00e9s de endurecer las restricciones derivadas de la declaraci\u00f3n [&hellip;]\" \/>\n<meta property=\"og:url\" content=\"https:\/\/www.ipvsl.com\/cogeneracions-industries-essencials\/\" \/>\n<meta property=\"og:site_name\" content=\"IPV SL\" \/>\n<meta property=\"article:published_time\" content=\"2020-04-01T19:55:15+00:00\" \/>\n<meta property=\"article:modified_time\" content=\"2020-04-01T20:07:00+00:00\" \/>\n<meta property=\"og:image\" content=\"https:\/\/www.ipvsl.com\/wp-content\/uploads\/2020\/04\/cogeneraci\u00f3n.jpg\" \/>\n\t<meta property=\"og:image:width\" content=\"650\" \/>\n\t<meta property=\"og:image:height\" content=\"487\" \/>\n\t<meta property=\"og:image:type\" content=\"image\/jpeg\" \/>\n<meta name=\"author\" content=\"Txell Moragues\" \/>\n<meta name=\"twitter:card\" content=\"summary_large_image\" \/>\n<meta name=\"twitter:label1\" content=\"Escrito por\" \/>\n\t<meta name=\"twitter:data1\" content=\"Txell Moragues\" \/>\n\t<meta name=\"twitter:label2\" content=\"Tiempo de lectura\" \/>\n\t<meta name=\"twitter:data2\" content=\"2 minutos\" \/>\n<script type=\"application\/ld+json\" class=\"yoast-schema-graph\">{\"@context\":\"https:\/\/schema.org\",\"@graph\":[{\"@type\":\"WebPage\",\"@id\":\"https:\/\/www.ipvsl.com\/cogeneracions-industries-essencials\/\",\"url\":\"https:\/\/www.ipvsl.com\/cogeneracions-industries-essencials\/\",\"name\":\"[:es]La cogeneraci\u00f3n mantendr\u00e1 la actividad para dar servicio a industrias esenciales[:ca]La cogeneraci\u00f3 mantindr\u00e0 l'activitat per donar servei a ind\u00fastries essencials[:] - IPV SL\",\"isPartOf\":{\"@id\":\"https:\/\/www.ipvsl.com\/#website\"},\"primaryImageOfPage\":{\"@id\":\"https:\/\/www.ipvsl.com\/cogeneracions-industries-essencials\/#primaryimage\"},\"image\":{\"@id\":\"https:\/\/www.ipvsl.com\/cogeneracions-industries-essencials\/#primaryimage\"},\"thumbnailUrl\":\"https:\/\/www.ipvsl.com\/wp-content\/uploads\/2020\/04\/cogeneraci\u00f3n.jpg\",\"datePublished\":\"2020-04-01T19:55:15+00:00\",\"dateModified\":\"2020-04-01T20:07:00+00:00\",\"author\":{\"@id\":\"https:\/\/www.ipvsl.com\/#\/schema\/person\/d64d9aacb7978c883c2acd678554fd25\"},\"breadcrumb\":{\"@id\":\"https:\/\/www.ipvsl.com\/cogeneracions-industries-essencials\/#breadcrumb\"},\"inLanguage\":\"es\",\"potentialAction\":[{\"@type\":\"ReadAction\",\"target\":[\"https:\/\/www.ipvsl.com\/cogeneracions-industries-essencials\/\"]}]},{\"@type\":\"ImageObject\",\"inLanguage\":\"es\",\"@id\":\"https:\/\/www.ipvsl.com\/cogeneracions-industries-essencials\/#primaryimage\",\"url\":\"https:\/\/www.ipvsl.com\/wp-content\/uploads\/2020\/04\/cogeneraci\u00f3n.jpg\",\"contentUrl\":\"https:\/\/www.ipvsl.com\/wp-content\/uploads\/2020\/04\/cogeneraci\u00f3n.jpg\",\"width\":650,\"height\":487},{\"@type\":\"BreadcrumbList\",\"@id\":\"https:\/\/www.ipvsl.com\/cogeneracions-industries-essencials\/#breadcrumb\",\"itemListElement\":[{\"@type\":\"ListItem\",\"position\":1,\"name\":\"Portada\",\"item\":\"https:\/\/www.ipvsl.com\/\"},{\"@type\":\"ListItem\",\"position\":2,\"name\":\"La cogeneraci\u00f3n mantendr\u00e1 la actividad para dar servicio a industrias esenciales\"}]},{\"@type\":\"WebSite\",\"@id\":\"https:\/\/www.ipvsl.com\/#website\",\"url\":\"https:\/\/www.ipvsl.com\/\",\"name\":\"IPV SL\",\"description\":\"IPV SL\",\"potentialAction\":[{\"@type\":\"SearchAction\",\"target\":{\"@type\":\"EntryPoint\",\"urlTemplate\":\"https:\/\/www.ipvsl.com\/?s={search_term_string}\"},\"query-input\":{\"@type\":\"PropertyValueSpecification\",\"valueRequired\":true,\"valueName\":\"search_term_string\"}}],\"inLanguage\":\"es\"},{\"@type\":\"Person\",\"@id\":\"https:\/\/www.ipvsl.com\/#\/schema\/person\/d64d9aacb7978c883c2acd678554fd25\",\"name\":\"Txell Moragues\",\"image\":{\"@type\":\"ImageObject\",\"inLanguage\":\"es\",\"@id\":\"https:\/\/www.ipvsl.com\/#\/schema\/person\/image\/\",\"url\":\"https:\/\/secure.gravatar.com\/avatar\/0663f85ffea1f1bd091bb905ca1fdb86c0d9bb82ad14b748cb0f028d4adc2ec8?s=96&d=mm&r=g\",\"contentUrl\":\"https:\/\/secure.gravatar.com\/avatar\/0663f85ffea1f1bd091bb905ca1fdb86c0d9bb82ad14b748cb0f028d4adc2ec8?s=96&d=mm&r=g\",\"caption\":\"Txell Moragues\"},\"url\":\"https:\/\/www.ipvsl.com\/es\/author\/carlos\/\"}]}<\/script>\n<!-- \/ Yoast SEO plugin. -->","yoast_head_json":{"title":"[:es]La cogeneraci\u00f3n mantendr\u00e1 la actividad para dar servicio a industrias esenciales[:ca]La cogeneraci\u00f3 mantindr\u00e0 l'activitat per donar servei a ind\u00fastries essencials[:] - IPV SL","robots":{"index":"index","follow":"follow","max-snippet":"max-snippet:-1","max-image-preview":"max-image-preview:large","max-video-preview":"max-video-preview:-1"},"canonical":"https:\/\/www.ipvsl.com\/cogeneracions-industries-essencials\/","og_locale":"es_ES","og_type":"article","og_title":"[:es]La cogeneraci\u00f3n mantendr\u00e1 la actividad para dar servicio a industrias esenciales[:ca]La cogeneraci\u00f3 mantindr\u00e0 l'activitat per donar servei a ind\u00fastries essencials[:] - IPV SL","og_description":"La Asociaci\u00f3n Espa\u00f1ola de Cogeneraci\u00f3n (Acogen)\u00a0ha anunciado que las cogeneraciones mantendr\u00e1n buena parte de su actividad energ\u00e9tica para prestar servicio a industrias consideradas esenciales. Es decir, para atender las necesidades de compa\u00f1\u00edas que no se ven afectadas por la paralizaci\u00f3n econ\u00f3mica decretada por el Gobierno estatal, despu\u00e9s de endurecer las restricciones derivadas de la declaraci\u00f3n [&hellip;]","og_url":"https:\/\/www.ipvsl.com\/cogeneracions-industries-essencials\/","og_site_name":"IPV SL","article_published_time":"2020-04-01T19:55:15+00:00","article_modified_time":"2020-04-01T20:07:00+00:00","og_image":[{"width":650,"height":487,"url":"https:\/\/www.ipvsl.com\/wp-content\/uploads\/2020\/04\/cogeneraci\u00f3n.jpg","type":"image\/jpeg"}],"author":"Txell Moragues","twitter_card":"summary_large_image","twitter_misc":{"Escrito por":"Txell Moragues","Tiempo de lectura":"2 minutos"},"schema":{"@context":"https:\/\/schema.org","@graph":[{"@type":"WebPage","@id":"https:\/\/www.ipvsl.com\/cogeneracions-industries-essencials\/","url":"https:\/\/www.ipvsl.com\/cogeneracions-industries-essencials\/","name":"[:es]La cogeneraci\u00f3n mantendr\u00e1 la actividad para dar servicio a industrias esenciales[:ca]La cogeneraci\u00f3 mantindr\u00e0 l'activitat per donar servei a ind\u00fastries essencials[:] - IPV SL","isPartOf":{"@id":"https:\/\/www.ipvsl.com\/#website"},"primaryImageOfPage":{"@id":"https:\/\/www.ipvsl.com\/cogeneracions-industries-essencials\/#primaryimage"},"image":{"@id":"https:\/\/www.ipvsl.com\/cogeneracions-industries-essencials\/#primaryimage"},"thumbnailUrl":"https:\/\/www.ipvsl.com\/wp-content\/uploads\/2020\/04\/cogeneraci\u00f3n.jpg","datePublished":"2020-04-01T19:55:15+00:00","dateModified":"2020-04-01T20:07:00+00:00","author":{"@id":"https:\/\/www.ipvsl.com\/#\/schema\/person\/d64d9aacb7978c883c2acd678554fd25"},"breadcrumb":{"@id":"https:\/\/www.ipvsl.com\/cogeneracions-industries-essencials\/#breadcrumb"},"inLanguage":"es","potentialAction":[{"@type":"ReadAction","target":["https:\/\/www.ipvsl.com\/cogeneracions-industries-essencials\/"]}]},{"@type":"ImageObject","inLanguage":"es","@id":"https:\/\/www.ipvsl.com\/cogeneracions-industries-essencials\/#primaryimage","url":"https:\/\/www.ipvsl.com\/wp-content\/uploads\/2020\/04\/cogeneraci\u00f3n.jpg","contentUrl":"https:\/\/www.ipvsl.com\/wp-content\/uploads\/2020\/04\/cogeneraci\u00f3n.jpg","width":650,"height":487},{"@type":"BreadcrumbList","@id":"https:\/\/www.ipvsl.com\/cogeneracions-industries-essencials\/#breadcrumb","itemListElement":[{"@type":"ListItem","position":1,"name":"Portada","item":"https:\/\/www.ipvsl.com\/"},{"@type":"ListItem","position":2,"name":"La cogeneraci\u00f3n mantendr\u00e1 la actividad para dar servicio a industrias esenciales"}]},{"@type":"WebSite","@id":"https:\/\/www.ipvsl.com\/#website","url":"https:\/\/www.ipvsl.com\/","name":"IPV SL","description":"IPV SL","potentialAction":[{"@type":"SearchAction","target":{"@type":"EntryPoint","urlTemplate":"https:\/\/www.ipvsl.com\/?s={search_term_string}"},"query-input":{"@type":"PropertyValueSpecification","valueRequired":true,"valueName":"search_term_string"}}],"inLanguage":"es"},{"@type":"Person","@id":"https:\/\/www.ipvsl.com\/#\/schema\/person\/d64d9aacb7978c883c2acd678554fd25","name":"Txell Moragues","image":{"@type":"ImageObject","inLanguage":"es","@id":"https:\/\/www.ipvsl.com\/#\/schema\/person\/image\/","url":"https:\/\/secure.gravatar.com\/avatar\/0663f85ffea1f1bd091bb905ca1fdb86c0d9bb82ad14b748cb0f028d4adc2ec8?s=96&d=mm&r=g","contentUrl":"https:\/\/secure.gravatar.com\/avatar\/0663f85ffea1f1bd091bb905ca1fdb86c0d9bb82ad14b748cb0f028d4adc2ec8?s=96&d=mm&r=g","caption":"Txell Moragues"},"url":"https:\/\/www.ipvsl.com\/es\/author\/carlos\/"}]}},"_links":{"self":[{"href":"https:\/\/www.ipvsl.com\/es\/wp-json\/wp\/v2\/posts\/1518","targetHints":{"allow":["GET"]}}],"collection":[{"href":"https:\/\/www.ipvsl.com\/es\/wp-json\/wp\/v2\/posts"}],"about":[{"href":"https:\/\/www.ipvsl.com\/es\/wp-json\/wp\/v2\/types\/post"}],"author":[{"embeddable":true,"href":"https:\/\/www.ipvsl.com\/es\/wp-json\/wp\/v2\/users\/3"}],"replies":[{"embeddable":true,"href":"https:\/\/www.ipvsl.com\/es\/wp-json\/wp\/v2\/comments?post=1518"}],"version-history":[{"count":8,"href":"https:\/\/www.ipvsl.com\/es\/wp-json\/wp\/v2\/posts\/1518\/revisions"}],"predecessor-version":[{"id":1527,"href":"https:\/\/www.ipvsl.com\/es\/wp-json\/wp\/v2\/posts\/1518\/revisions\/1527"}],"wp:featuredmedia":[{"embeddable":true,"href":"https:\/\/www.ipvsl.com\/es\/wp-json\/wp\/v2\/media\/1520"}],"wp:attachment":[{"href":"https:\/\/www.ipvsl.com\/es\/wp-json\/wp\/v2\/media?parent=1518"}],"wp:term":[{"taxonomy":"category","embeddable":true,"href":"https:\/\/www.ipvsl.com\/es\/wp-json\/wp\/v2\/categories?post=1518"},{"taxonomy":"post_tag","embeddable":true,"href":"https:\/\/www.ipvsl.com\/es\/wp-json\/wp\/v2\/tags?post=1518"}],"curies":[{"name":"wp","href":"https:\/\/api.w.org\/{rel}","templated":true}]}}