{"id":1488,"date":"2019-12-24T09:09:44","date_gmt":"2019-12-24T09:09:44","guid":{"rendered":"https:\/\/www.ipvsl.com\/?p=1488"},"modified":"2019-12-24T09:15:17","modified_gmt":"2019-12-24T09:15:17","slug":"ipv-reforca-el-seu-compromis-amb-el-medi-ambient","status":"publish","type":"post","link":"https:\/\/www.ipvsl.com\/es\/ipv-reforca-el-seu-compromis-amb-el-medi-ambient\/","title":{"rendered":"IPV refuerza su compromiso con el medio ambiente"},"content":{"rendered":"<p>IPV (Instalaciones y Proyectos de Vanguardia) ha dado un nuevo paso al frente para reforzar su pol\u00edtica de sostenibilidad y respeto al medio ambiente. De este modo, y cumpliendo con los requisitos que establece la norma ISO 14001, ha iniciado una campa\u00f1a de reducci\u00f3n del uso de los pl\u00e1sticos que progresivamente ir\u00e1 marc\u00e1ndose y llevando a cabo objetivos cada vez m\u00e1s ambiciosos.<\/p>\n<p>La incorporaci\u00f3n de esta medida, que tiene que ver con la gesti\u00f3n ambiental de la empresa, va acompa\u00f1ada de otra iniciativa con la cual IPV busca contribuir a rebajar las emisiones de CO2, responsables del calentamiento global del planeta. En esta l\u00ednea, la compa\u00f1\u00eda acaba de adquirir el primer veh\u00edculo el\u00e9ctrico a fin de potenciar los desplazamientos no contaminantes cuando presta sus servicios especializados.<\/p>\n<p>En cuanto al plan para disminuir el uso del pl\u00e1stico, una de las primeras acciones ha sido la de dotar a todo el personal de botellas de agua t\u00e9rmicas personalizadas, que se utilizar\u00e1n en las obras, los talleres y las oficinas. Es una muestra m\u00e1s del paquete de iniciativas con las cuales IPV quiere ayudar, dentro de sus posibilidades, a promover la protecci\u00f3n ambiental y a prevenir la contaminaci\u00f3n. Los peque\u00f1os gestos, aplicados conjuntamente, son realmente importantes para lograr grandes retos.<\/p>\n<p>As\u00ed mismo, y como actuaci\u00f3n estrat\u00e9gica, IPV apuesta por impulsar la innovaci\u00f3n, la eficiencia y la productividad para reducir los impactos en el medio ambiente.<\/p>","protected":false},"excerpt":{"rendered":"<p>IPV (Instalaciones y Proyectos de Vanguardia) ha dado un nuevo paso al frente para reforzar su pol\u00edtica de sostenibilidad y respeto al medio ambiente. De este modo, y cumpliendo con los requisitos que establece la norma ISO 14001, ha iniciado una campa\u00f1a de reducci\u00f3n del uso de los pl\u00e1sticos que progresivamente ir\u00e1 marc\u00e1ndose y llevando [&hellip;]<\/p>\n","protected":false},"author":3,"featured_media":1489,"comment_status":"closed","ping_status":"open","sticky":false,"template":"","format":"standard","meta":{"footnotes":""},"categories":[1],"tags":[16,31,62,61],"class_list":["post-1488","post","type-post","status-publish","format-standard","has-post-thumbnail","hentry","category-sin-categoria","tag-ipv","tag-lleida","tag-medi-ambient","tag-sostenibilitat"],"yoast_head":"<!-- This site is optimized with the Yoast SEO plugin v25.7 - https:\/\/yoast.com\/wordpress\/plugins\/seo\/ -->\n<title>IPV refuerza su compromiso con el medio ambiente  - IPV SL<\/title>\n<meta name=\"robots\" content=\"index, follow, max-snippet:-1, max-image-preview:large, max-video-preview:-1\" \/>\n<link rel=\"canonical\" href=\"https:\/\/www.ipvsl.com\/ipv-reforca-el-seu-compromis-amb-el-medi-ambient\/\" \/>\n<meta property=\"og:locale\" content=\"es_ES\" \/>\n<meta property=\"og:type\" content=\"article\" \/>\n<meta property=\"og:title\" content=\"[:es]IPV refuerza su compromiso con el medio ambiente [:ca]IPV refor\u00e7a el seu comprom\u00eds amb el medi ambient[:] - IPV SL\" \/>\n<meta property=\"og:description\" content=\"IPV (Instalaciones y Proyectos de Vanguardia) ha dado un nuevo paso al frente para reforzar su pol\u00edtica de sostenibilidad y respeto al medio ambiente. De este modo, y cumpliendo con los requisitos que establece la norma ISO 14001, ha iniciado una campa\u00f1a de reducci\u00f3n del uso de los pl\u00e1sticos que progresivamente ir\u00e1 marc\u00e1ndose y llevando [&hellip;]\" \/>\n<meta property=\"og:url\" content=\"https:\/\/www.ipvsl.com\/ipv-reforca-el-seu-compromis-amb-el-medi-ambient\/\" \/>\n<meta property=\"og:site_name\" content=\"IPV SL\" \/>\n<meta property=\"article:published_time\" content=\"2019-12-24T09:09:44+00:00\" \/>\n<meta property=\"article:modified_time\" content=\"2019-12-24T09:15:17+00:00\" \/>\n<meta property=\"og:image\" content=\"https:\/\/www.ipvsl.com\/wp-content\/uploads\/2019\/12\/noti\u0301cia_IPV_desembre19.jpg\" \/>\n\t<meta property=\"og:image:width\" content=\"2048\" \/>\n\t<meta property=\"og:image:height\" content=\"1447\" \/>\n\t<meta property=\"og:image:type\" content=\"image\/jpeg\" \/>\n<meta name=\"author\" content=\"Txell Moragues\" \/>\n<meta name=\"twitter:card\" content=\"summary_large_image\" \/>\n<meta name=\"twitter:label1\" content=\"Escrito por\" \/>\n\t<meta name=\"twitter:data1\" content=\"Txell Moragues\" \/>\n\t<meta name=\"twitter:label2\" content=\"Tiempo de lectura\" \/>\n\t<meta name=\"twitter:data2\" content=\"3 minutos\" \/>\n<script type=\"application\/ld+json\" class=\"yoast-schema-graph\">{\"@context\":\"https:\/\/schema.org\",\"@graph\":[{\"@type\":\"WebPage\",\"@id\":\"https:\/\/www.ipvsl.com\/ipv-reforca-el-seu-compromis-amb-el-medi-ambient\/\",\"url\":\"https:\/\/www.ipvsl.com\/ipv-reforca-el-seu-compromis-amb-el-medi-ambient\/\",\"name\":\"[:es]IPV refuerza su compromiso con el medio ambiente [:ca]IPV refor\u00e7a el seu comprom\u00eds amb el medi ambient[:] - IPV SL\",\"isPartOf\":{\"@id\":\"https:\/\/www.ipvsl.com\/#website\"},\"primaryImageOfPage\":{\"@id\":\"https:\/\/www.ipvsl.com\/ipv-reforca-el-seu-compromis-amb-el-medi-ambient\/#primaryimage\"},\"image\":{\"@id\":\"https:\/\/www.ipvsl.com\/ipv-reforca-el-seu-compromis-amb-el-medi-ambient\/#primaryimage\"},\"thumbnailUrl\":\"https:\/\/www.ipvsl.com\/wp-content\/uploads\/2019\/12\/noti\u0301cia_IPV_desembre19.jpg\",\"datePublished\":\"2019-12-24T09:09:44+00:00\",\"dateModified\":\"2019-12-24T09:15:17+00:00\",\"author\":{\"@id\":\"https:\/\/www.ipvsl.com\/#\/schema\/person\/d64d9aacb7978c883c2acd678554fd25\"},\"breadcrumb\":{\"@id\":\"https:\/\/www.ipvsl.com\/ipv-reforca-el-seu-compromis-amb-el-medi-ambient\/#breadcrumb\"},\"inLanguage\":\"es\",\"potentialAction\":[{\"@type\":\"ReadAction\",\"target\":[\"https:\/\/www.ipvsl.com\/ipv-reforca-el-seu-compromis-amb-el-medi-ambient\/\"]}]},{\"@type\":\"ImageObject\",\"inLanguage\":\"es\",\"@id\":\"https:\/\/www.ipvsl.com\/ipv-reforca-el-seu-compromis-amb-el-medi-ambient\/#primaryimage\",\"url\":\"https:\/\/www.ipvsl.com\/wp-content\/uploads\/2019\/12\/noti\u0301cia_IPV_desembre19.jpg\",\"contentUrl\":\"https:\/\/www.ipvsl.com\/wp-content\/uploads\/2019\/12\/noti\u0301cia_IPV_desembre19.jpg\",\"width\":2048,\"height\":1447},{\"@type\":\"BreadcrumbList\",\"@id\":\"https:\/\/www.ipvsl.com\/ipv-reforca-el-seu-compromis-amb-el-medi-ambient\/#breadcrumb\",\"itemListElement\":[{\"@type\":\"ListItem\",\"position\":1,\"name\":\"Portada\",\"item\":\"https:\/\/www.ipvsl.com\/\"},{\"@type\":\"ListItem\",\"position\":2,\"name\":\"IPV refor\u00e7a el seu comprom\u00eds amb el medi ambient\"}]},{\"@type\":\"WebSite\",\"@id\":\"https:\/\/www.ipvsl.com\/#website\",\"url\":\"https:\/\/www.ipvsl.com\/\",\"name\":\"IPV SL\",\"description\":\"IPV SL\",\"potentialAction\":[{\"@type\":\"SearchAction\",\"target\":{\"@type\":\"EntryPoint\",\"urlTemplate\":\"https:\/\/www.ipvsl.com\/?s={search_term_string}\"},\"query-input\":{\"@type\":\"PropertyValueSpecification\",\"valueRequired\":true,\"valueName\":\"search_term_string\"}}],\"inLanguage\":\"es\"},{\"@type\":\"Person\",\"@id\":\"https:\/\/www.ipvsl.com\/#\/schema\/person\/d64d9aacb7978c883c2acd678554fd25\",\"name\":\"Txell Moragues\",\"image\":{\"@type\":\"ImageObject\",\"inLanguage\":\"es\",\"@id\":\"https:\/\/www.ipvsl.com\/#\/schema\/person\/image\/\",\"url\":\"https:\/\/secure.gravatar.com\/avatar\/0663f85ffea1f1bd091bb905ca1fdb86c0d9bb82ad14b748cb0f028d4adc2ec8?s=96&d=mm&r=g\",\"contentUrl\":\"https:\/\/secure.gravatar.com\/avatar\/0663f85ffea1f1bd091bb905ca1fdb86c0d9bb82ad14b748cb0f028d4adc2ec8?s=96&d=mm&r=g\",\"caption\":\"Txell Moragues\"},\"url\":\"https:\/\/www.ipvsl.com\/es\/author\/carlos\/\"}]}<\/script>\n<!-- \/ Yoast SEO plugin. -->","yoast_head_json":{"title":"[:es]IPV refuerza su compromiso con el medio ambiente [:ca]IPV refor\u00e7a el seu comprom\u00eds amb el medi ambient[:] - IPV SL","robots":{"index":"index","follow":"follow","max-snippet":"max-snippet:-1","max-image-preview":"max-image-preview:large","max-video-preview":"max-video-preview:-1"},"canonical":"https:\/\/www.ipvsl.com\/ipv-reforca-el-seu-compromis-amb-el-medi-ambient\/","og_locale":"es_ES","og_type":"article","og_title":"[:es]IPV refuerza su compromiso con el medio ambiente [:ca]IPV refor\u00e7a el seu comprom\u00eds amb el medi ambient[:] - IPV SL","og_description":"IPV (Instalaciones y Proyectos de Vanguardia) ha dado un nuevo paso al frente para reforzar su pol\u00edtica de sostenibilidad y respeto al medio ambiente. De este modo, y cumpliendo con los requisitos que establece la norma ISO 14001, ha iniciado una campa\u00f1a de reducci\u00f3n del uso de los pl\u00e1sticos que progresivamente ir\u00e1 marc\u00e1ndose y llevando [&hellip;]","og_url":"https:\/\/www.ipvsl.com\/ipv-reforca-el-seu-compromis-amb-el-medi-ambient\/","og_site_name":"IPV SL","article_published_time":"2019-12-24T09:09:44+00:00","article_modified_time":"2019-12-24T09:15:17+00:00","og_image":[{"width":2048,"height":1447,"url":"https:\/\/www.ipvsl.com\/wp-content\/uploads\/2019\/12\/noti\u0301cia_IPV_desembre19.jpg","type":"image\/jpeg"}],"author":"Txell Moragues","twitter_card":"summary_large_image","twitter_misc":{"Escrito por":"Txell Moragues","Tiempo de lectura":"3 minutos"},"schema":{"@context":"https:\/\/schema.org","@graph":[{"@type":"WebPage","@id":"https:\/\/www.ipvsl.com\/ipv-reforca-el-seu-compromis-amb-el-medi-ambient\/","url":"https:\/\/www.ipvsl.com\/ipv-reforca-el-seu-compromis-amb-el-medi-ambient\/","name":"[:es]IPV refuerza su compromiso con el medio ambiente [:ca]IPV refor\u00e7a el seu comprom\u00eds amb el medi ambient[:] - IPV SL","isPartOf":{"@id":"https:\/\/www.ipvsl.com\/#website"},"primaryImageOfPage":{"@id":"https:\/\/www.ipvsl.com\/ipv-reforca-el-seu-compromis-amb-el-medi-ambient\/#primaryimage"},"image":{"@id":"https:\/\/www.ipvsl.com\/ipv-reforca-el-seu-compromis-amb-el-medi-ambient\/#primaryimage"},"thumbnailUrl":"https:\/\/www.ipvsl.com\/wp-content\/uploads\/2019\/12\/noti\u0301cia_IPV_desembre19.jpg","datePublished":"2019-12-24T09:09:44+00:00","dateModified":"2019-12-24T09:15:17+00:00","author":{"@id":"https:\/\/www.ipvsl.com\/#\/schema\/person\/d64d9aacb7978c883c2acd678554fd25"},"breadcrumb":{"@id":"https:\/\/www.ipvsl.com\/ipv-reforca-el-seu-compromis-amb-el-medi-ambient\/#breadcrumb"},"inLanguage":"es","potentialAction":[{"@type":"ReadAction","target":["https:\/\/www.ipvsl.com\/ipv-reforca-el-seu-compromis-amb-el-medi-ambient\/"]}]},{"@type":"ImageObject","inLanguage":"es","@id":"https:\/\/www.ipvsl.com\/ipv-reforca-el-seu-compromis-amb-el-medi-ambient\/#primaryimage","url":"https:\/\/www.ipvsl.com\/wp-content\/uploads\/2019\/12\/noti\u0301cia_IPV_desembre19.jpg","contentUrl":"https:\/\/www.ipvsl.com\/wp-content\/uploads\/2019\/12\/noti\u0301cia_IPV_desembre19.jpg","width":2048,"height":1447},{"@type":"BreadcrumbList","@id":"https:\/\/www.ipvsl.com\/ipv-reforca-el-seu-compromis-amb-el-medi-ambient\/#breadcrumb","itemListElement":[{"@type":"ListItem","position":1,"name":"Portada","item":"https:\/\/www.ipvsl.com\/"},{"@type":"ListItem","position":2,"name":"IPV refor\u00e7a el seu comprom\u00eds amb el medi ambient"}]},{"@type":"WebSite","@id":"https:\/\/www.ipvsl.com\/#website","url":"https:\/\/www.ipvsl.com\/","name":"IPV SL","description":"IPV SL","potentialAction":[{"@type":"SearchAction","target":{"@type":"EntryPoint","urlTemplate":"https:\/\/www.ipvsl.com\/?s={search_term_string}"},"query-input":{"@type":"PropertyValueSpecification","valueRequired":true,"valueName":"search_term_string"}}],"inLanguage":"es"},{"@type":"Person","@id":"https:\/\/www.ipvsl.com\/#\/schema\/person\/d64d9aacb7978c883c2acd678554fd25","name":"Txell Moragues","image":{"@type":"ImageObject","inLanguage":"es","@id":"https:\/\/www.ipvsl.com\/#\/schema\/person\/image\/","url":"https:\/\/secure.gravatar.com\/avatar\/0663f85ffea1f1bd091bb905ca1fdb86c0d9bb82ad14b748cb0f028d4adc2ec8?s=96&d=mm&r=g","contentUrl":"https:\/\/secure.gravatar.com\/avatar\/0663f85ffea1f1bd091bb905ca1fdb86c0d9bb82ad14b748cb0f028d4adc2ec8?s=96&d=mm&r=g","caption":"Txell Moragues"},"url":"https:\/\/www.ipvsl.com\/es\/author\/carlos\/"}]}},"_links":{"self":[{"href":"https:\/\/www.ipvsl.com\/es\/wp-json\/wp\/v2\/posts\/1488","targetHints":{"allow":["GET"]}}],"collection":[{"href":"https:\/\/www.ipvsl.com\/es\/wp-json\/wp\/v2\/posts"}],"about":[{"href":"https:\/\/www.ipvsl.com\/es\/wp-json\/wp\/v2\/types\/post"}],"author":[{"embeddable":true,"href":"https:\/\/www.ipvsl.com\/es\/wp-json\/wp\/v2\/users\/3"}],"replies":[{"embeddable":true,"href":"https:\/\/www.ipvsl.com\/es\/wp-json\/wp\/v2\/comments?post=1488"}],"version-history":[{"count":3,"href":"https:\/\/www.ipvsl.com\/es\/wp-json\/wp\/v2\/posts\/1488\/revisions"}],"predecessor-version":[{"id":1492,"href":"https:\/\/www.ipvsl.com\/es\/wp-json\/wp\/v2\/posts\/1488\/revisions\/1492"}],"wp:featuredmedia":[{"embeddable":true,"href":"https:\/\/www.ipvsl.com\/es\/wp-json\/wp\/v2\/media\/1489"}],"wp:attachment":[{"href":"https:\/\/www.ipvsl.com\/es\/wp-json\/wp\/v2\/media?parent=1488"}],"wp:term":[{"taxonomy":"category","embeddable":true,"href":"https:\/\/www.ipvsl.com\/es\/wp-json\/wp\/v2\/categories?post=1488"},{"taxonomy":"post_tag","embeddable":true,"href":"https:\/\/www.ipvsl.com\/es\/wp-json\/wp\/v2\/tags?post=1488"}],"curies":[{"name":"wp","href":"https:\/\/api.w.org\/{rel}","templated":true}]}}