{"id":1439,"date":"2019-08-01T12:26:47","date_gmt":"2019-08-01T12:26:47","guid":{"rendered":"https:\/\/www.ipvsl.com\/?p=1439"},"modified":"2019-08-01T12:48:58","modified_gmt":"2019-08-01T12:48:58","slug":"ipv-continua-oferint-tots-els-seus-serveis-tecnics-tambe-durant-lestiu","status":"publish","type":"post","link":"https:\/\/www.ipvsl.com\/es\/ipv-continua-oferint-tots-els-seus-serveis-tecnics-tambe-durant-lestiu\/","title":{"rendered":"IPV contin\u00faa ofreciendo todos sus servicios t\u00e9cnicos tambi\u00e9n durante el verano"},"content":{"rendered":"<p>Instalaciones y Proyectos de Vanguardia (IPV) mantiene operativos todos sus servicios t\u00e9cnicos durante la temporada estival, para prestar, como siempre, el mejor servicio al cliente. Nuestro equipo de especialistas, integrado por profesionales de m\u00e1xima cualificaci\u00f3n, continuar\u00e1 activo el mes de agosto, igual que durante todo el periodo de verano.<\/p>\n<p>Coincidiendo con estas fechas, cuando la actividad empresarial suele disminuir de manera significativa, IPV refuerza su apuesta de servicio para satisfacer cualquier necesidad que se le pueda plantear a nuestros clientes.<\/p>\n<p>Desde IPV aprovechamos para desear a todos buenas vacaciones y reiterar nuestro agradecimiento por vuestra confianza.<\/p>","protected":false},"excerpt":{"rendered":"<p>Instalaciones y Proyectos de Vanguardia (IPV) mantiene operativos todos sus servicios t\u00e9cnicos durante la temporada estival, para prestar, como siempre, el mejor servicio al cliente. Nuestro equipo de especialistas, integrado por profesionales de m\u00e1xima cualificaci\u00f3n, continuar\u00e1 activo el mes de agosto, igual que durante todo el periodo de verano. Coincidiendo con estas fechas, cuando la [&hellip;]<\/p>\n","protected":false},"author":3,"featured_media":1440,"comment_status":"closed","ping_status":"open","sticky":false,"template":"","format":"standard","meta":{"footnotes":""},"categories":[1],"tags":[],"class_list":["post-1439","post","type-post","status-publish","format-standard","has-post-thumbnail","hentry","category-sin-categoria"],"yoast_head":"<!-- This site is optimized with the Yoast SEO plugin v25.7 - https:\/\/yoast.com\/wordpress\/plugins\/seo\/ -->\n<title>IPV contin\u00faa ofreciendo todos sus servicios t\u00e9cnicos tambi\u00e9n durante el verano - IPV SL<\/title>\n<meta name=\"robots\" content=\"index, follow, max-snippet:-1, max-image-preview:large, max-video-preview:-1\" \/>\n<link rel=\"canonical\" href=\"https:\/\/www.ipvsl.com\/ipv-continua-oferint-tots-els-seus-serveis-tecnics-tambe-durant-lestiu\/\" \/>\n<meta property=\"og:locale\" content=\"es_ES\" \/>\n<meta property=\"og:type\" content=\"article\" \/>\n<meta property=\"og:title\" content=\"[:es]IPV contin\u00faa ofreciendo todos sus servicios t\u00e9cnicos tambi\u00e9n durante el verano[:ca]IPV continua oferint tots els seus serveis t\u00e8cnics tamb\u00e9 durant l&#039;estiu[:] - IPV SL\" \/>\n<meta property=\"og:description\" content=\"Instalaciones y Proyectos de Vanguardia (IPV) mantiene operativos todos sus servicios t\u00e9cnicos durante la temporada estival, para prestar, como siempre, el mejor servicio al cliente. Nuestro equipo de especialistas, integrado por profesionales de m\u00e1xima cualificaci\u00f3n, continuar\u00e1 activo el mes de agosto, igual que durante todo el periodo de verano. Coincidiendo con estas fechas, cuando la [&hellip;]\" \/>\n<meta property=\"og:url\" content=\"https:\/\/www.ipvsl.com\/ipv-continua-oferint-tots-els-seus-serveis-tecnics-tambe-durant-lestiu\/\" \/>\n<meta property=\"og:site_name\" content=\"IPV SL\" \/>\n<meta property=\"article:published_time\" content=\"2019-08-01T12:26:47+00:00\" \/>\n<meta property=\"article:modified_time\" content=\"2019-08-01T12:48:58+00:00\" \/>\n<meta property=\"og:image\" content=\"https:\/\/www.ipvsl.com\/wp-content\/uploads\/2019\/08\/FotoIPV_noti\u0301cia_juliol-2019.jpeg\" \/>\n\t<meta property=\"og:image:width\" content=\"1600\" \/>\n\t<meta property=\"og:image:height\" content=\"1200\" \/>\n\t<meta property=\"og:image:type\" content=\"image\/jpeg\" \/>\n<meta name=\"author\" content=\"Txell Moragues\" \/>\n<meta name=\"twitter:card\" content=\"summary_large_image\" \/>\n<meta name=\"twitter:label1\" content=\"Escrito por\" \/>\n\t<meta name=\"twitter:data1\" content=\"Txell Moragues\" \/>\n\t<meta name=\"twitter:label2\" content=\"Tiempo de lectura\" \/>\n\t<meta name=\"twitter:data2\" content=\"1 minuto\" \/>\n<script type=\"application\/ld+json\" class=\"yoast-schema-graph\">{\"@context\":\"https:\/\/schema.org\",\"@graph\":[{\"@type\":\"WebPage\",\"@id\":\"https:\/\/www.ipvsl.com\/ipv-continua-oferint-tots-els-seus-serveis-tecnics-tambe-durant-lestiu\/\",\"url\":\"https:\/\/www.ipvsl.com\/ipv-continua-oferint-tots-els-seus-serveis-tecnics-tambe-durant-lestiu\/\",\"name\":\"[:es]IPV contin\u00faa ofreciendo todos sus servicios t\u00e9cnicos tambi\u00e9n durante el verano[:ca]IPV continua oferint tots els seus serveis t\u00e8cnics tamb\u00e9 durant l'estiu[:] - IPV SL\",\"isPartOf\":{\"@id\":\"https:\/\/www.ipvsl.com\/#website\"},\"primaryImageOfPage\":{\"@id\":\"https:\/\/www.ipvsl.com\/ipv-continua-oferint-tots-els-seus-serveis-tecnics-tambe-durant-lestiu\/#primaryimage\"},\"image\":{\"@id\":\"https:\/\/www.ipvsl.com\/ipv-continua-oferint-tots-els-seus-serveis-tecnics-tambe-durant-lestiu\/#primaryimage\"},\"thumbnailUrl\":\"https:\/\/www.ipvsl.com\/wp-content\/uploads\/2019\/08\/FotoIPV_noti\u0301cia_juliol-2019.jpeg\",\"datePublished\":\"2019-08-01T12:26:47+00:00\",\"dateModified\":\"2019-08-01T12:48:58+00:00\",\"author\":{\"@id\":\"https:\/\/www.ipvsl.com\/#\/schema\/person\/d64d9aacb7978c883c2acd678554fd25\"},\"breadcrumb\":{\"@id\":\"https:\/\/www.ipvsl.com\/ipv-continua-oferint-tots-els-seus-serveis-tecnics-tambe-durant-lestiu\/#breadcrumb\"},\"inLanguage\":\"es\",\"potentialAction\":[{\"@type\":\"ReadAction\",\"target\":[\"https:\/\/www.ipvsl.com\/ipv-continua-oferint-tots-els-seus-serveis-tecnics-tambe-durant-lestiu\/\"]}]},{\"@type\":\"ImageObject\",\"inLanguage\":\"es\",\"@id\":\"https:\/\/www.ipvsl.com\/ipv-continua-oferint-tots-els-seus-serveis-tecnics-tambe-durant-lestiu\/#primaryimage\",\"url\":\"https:\/\/www.ipvsl.com\/wp-content\/uploads\/2019\/08\/FotoIPV_noti\u0301cia_juliol-2019.jpeg\",\"contentUrl\":\"https:\/\/www.ipvsl.com\/wp-content\/uploads\/2019\/08\/FotoIPV_noti\u0301cia_juliol-2019.jpeg\",\"width\":1600,\"height\":1200,\"caption\":\"L'equip t\u00e8cnic d'IPV, a la seu empresarial.\"},{\"@type\":\"BreadcrumbList\",\"@id\":\"https:\/\/www.ipvsl.com\/ipv-continua-oferint-tots-els-seus-serveis-tecnics-tambe-durant-lestiu\/#breadcrumb\",\"itemListElement\":[{\"@type\":\"ListItem\",\"position\":1,\"name\":\"Portada\",\"item\":\"https:\/\/www.ipvsl.com\/\"},{\"@type\":\"ListItem\",\"position\":2,\"name\":\"IPV continua oferint tots els seus serveis t\u00e8cnics tamb\u00e9 durant l&#8217;estiu\"}]},{\"@type\":\"WebSite\",\"@id\":\"https:\/\/www.ipvsl.com\/#website\",\"url\":\"https:\/\/www.ipvsl.com\/\",\"name\":\"IPV SL\",\"description\":\"IPV SL\",\"potentialAction\":[{\"@type\":\"SearchAction\",\"target\":{\"@type\":\"EntryPoint\",\"urlTemplate\":\"https:\/\/www.ipvsl.com\/?s={search_term_string}\"},\"query-input\":{\"@type\":\"PropertyValueSpecification\",\"valueRequired\":true,\"valueName\":\"search_term_string\"}}],\"inLanguage\":\"es\"},{\"@type\":\"Person\",\"@id\":\"https:\/\/www.ipvsl.com\/#\/schema\/person\/d64d9aacb7978c883c2acd678554fd25\",\"name\":\"Txell Moragues\",\"image\":{\"@type\":\"ImageObject\",\"inLanguage\":\"es\",\"@id\":\"https:\/\/www.ipvsl.com\/#\/schema\/person\/image\/\",\"url\":\"https:\/\/secure.gravatar.com\/avatar\/0663f85ffea1f1bd091bb905ca1fdb86c0d9bb82ad14b748cb0f028d4adc2ec8?s=96&d=mm&r=g\",\"contentUrl\":\"https:\/\/secure.gravatar.com\/avatar\/0663f85ffea1f1bd091bb905ca1fdb86c0d9bb82ad14b748cb0f028d4adc2ec8?s=96&d=mm&r=g\",\"caption\":\"Txell Moragues\"},\"url\":\"https:\/\/www.ipvsl.com\/es\/author\/carlos\/\"}]}<\/script>\n<!-- \/ Yoast SEO plugin. -->","yoast_head_json":{"title":"[:es]IPV contin\u00faa ofreciendo todos sus servicios t\u00e9cnicos tambi\u00e9n durante el verano[:ca]IPV continua oferint tots els seus serveis t\u00e8cnics tamb\u00e9 durant l'estiu[:] - IPV SL","robots":{"index":"index","follow":"follow","max-snippet":"max-snippet:-1","max-image-preview":"max-image-preview:large","max-video-preview":"max-video-preview:-1"},"canonical":"https:\/\/www.ipvsl.com\/ipv-continua-oferint-tots-els-seus-serveis-tecnics-tambe-durant-lestiu\/","og_locale":"es_ES","og_type":"article","og_title":"[:es]IPV contin\u00faa ofreciendo todos sus servicios t\u00e9cnicos tambi\u00e9n durante el verano[:ca]IPV continua oferint tots els seus serveis t\u00e8cnics tamb\u00e9 durant l'estiu[:] - IPV SL","og_description":"Instalaciones y Proyectos de Vanguardia (IPV) mantiene operativos todos sus servicios t\u00e9cnicos durante la temporada estival, para prestar, como siempre, el mejor servicio al cliente. Nuestro equipo de especialistas, integrado por profesionales de m\u00e1xima cualificaci\u00f3n, continuar\u00e1 activo el mes de agosto, igual que durante todo el periodo de verano. Coincidiendo con estas fechas, cuando la [&hellip;]","og_url":"https:\/\/www.ipvsl.com\/ipv-continua-oferint-tots-els-seus-serveis-tecnics-tambe-durant-lestiu\/","og_site_name":"IPV SL","article_published_time":"2019-08-01T12:26:47+00:00","article_modified_time":"2019-08-01T12:48:58+00:00","og_image":[{"width":1600,"height":1200,"url":"https:\/\/www.ipvsl.com\/wp-content\/uploads\/2019\/08\/FotoIPV_noti\u0301cia_juliol-2019.jpeg","type":"image\/jpeg"}],"author":"Txell Moragues","twitter_card":"summary_large_image","twitter_misc":{"Escrito por":"Txell Moragues","Tiempo de lectura":"1 minuto"},"schema":{"@context":"https:\/\/schema.org","@graph":[{"@type":"WebPage","@id":"https:\/\/www.ipvsl.com\/ipv-continua-oferint-tots-els-seus-serveis-tecnics-tambe-durant-lestiu\/","url":"https:\/\/www.ipvsl.com\/ipv-continua-oferint-tots-els-seus-serveis-tecnics-tambe-durant-lestiu\/","name":"[:es]IPV contin\u00faa ofreciendo todos sus servicios t\u00e9cnicos tambi\u00e9n durante el verano[:ca]IPV continua oferint tots els seus serveis t\u00e8cnics tamb\u00e9 durant l'estiu[:] - IPV SL","isPartOf":{"@id":"https:\/\/www.ipvsl.com\/#website"},"primaryImageOfPage":{"@id":"https:\/\/www.ipvsl.com\/ipv-continua-oferint-tots-els-seus-serveis-tecnics-tambe-durant-lestiu\/#primaryimage"},"image":{"@id":"https:\/\/www.ipvsl.com\/ipv-continua-oferint-tots-els-seus-serveis-tecnics-tambe-durant-lestiu\/#primaryimage"},"thumbnailUrl":"https:\/\/www.ipvsl.com\/wp-content\/uploads\/2019\/08\/FotoIPV_noti\u0301cia_juliol-2019.jpeg","datePublished":"2019-08-01T12:26:47+00:00","dateModified":"2019-08-01T12:48:58+00:00","author":{"@id":"https:\/\/www.ipvsl.com\/#\/schema\/person\/d64d9aacb7978c883c2acd678554fd25"},"breadcrumb":{"@id":"https:\/\/www.ipvsl.com\/ipv-continua-oferint-tots-els-seus-serveis-tecnics-tambe-durant-lestiu\/#breadcrumb"},"inLanguage":"es","potentialAction":[{"@type":"ReadAction","target":["https:\/\/www.ipvsl.com\/ipv-continua-oferint-tots-els-seus-serveis-tecnics-tambe-durant-lestiu\/"]}]},{"@type":"ImageObject","inLanguage":"es","@id":"https:\/\/www.ipvsl.com\/ipv-continua-oferint-tots-els-seus-serveis-tecnics-tambe-durant-lestiu\/#primaryimage","url":"https:\/\/www.ipvsl.com\/wp-content\/uploads\/2019\/08\/FotoIPV_noti\u0301cia_juliol-2019.jpeg","contentUrl":"https:\/\/www.ipvsl.com\/wp-content\/uploads\/2019\/08\/FotoIPV_noti\u0301cia_juliol-2019.jpeg","width":1600,"height":1200,"caption":"L'equip t\u00e8cnic d'IPV, a la seu empresarial."},{"@type":"BreadcrumbList","@id":"https:\/\/www.ipvsl.com\/ipv-continua-oferint-tots-els-seus-serveis-tecnics-tambe-durant-lestiu\/#breadcrumb","itemListElement":[{"@type":"ListItem","position":1,"name":"Portada","item":"https:\/\/www.ipvsl.com\/"},{"@type":"ListItem","position":2,"name":"IPV continua oferint tots els seus serveis t\u00e8cnics tamb\u00e9 durant l&#8217;estiu"}]},{"@type":"WebSite","@id":"https:\/\/www.ipvsl.com\/#website","url":"https:\/\/www.ipvsl.com\/","name":"IPV SL","description":"IPV SL","potentialAction":[{"@type":"SearchAction","target":{"@type":"EntryPoint","urlTemplate":"https:\/\/www.ipvsl.com\/?s={search_term_string}"},"query-input":{"@type":"PropertyValueSpecification","valueRequired":true,"valueName":"search_term_string"}}],"inLanguage":"es"},{"@type":"Person","@id":"https:\/\/www.ipvsl.com\/#\/schema\/person\/d64d9aacb7978c883c2acd678554fd25","name":"Txell Moragues","image":{"@type":"ImageObject","inLanguage":"es","@id":"https:\/\/www.ipvsl.com\/#\/schema\/person\/image\/","url":"https:\/\/secure.gravatar.com\/avatar\/0663f85ffea1f1bd091bb905ca1fdb86c0d9bb82ad14b748cb0f028d4adc2ec8?s=96&d=mm&r=g","contentUrl":"https:\/\/secure.gravatar.com\/avatar\/0663f85ffea1f1bd091bb905ca1fdb86c0d9bb82ad14b748cb0f028d4adc2ec8?s=96&d=mm&r=g","caption":"Txell Moragues"},"url":"https:\/\/www.ipvsl.com\/es\/author\/carlos\/"}]}},"_links":{"self":[{"href":"https:\/\/www.ipvsl.com\/es\/wp-json\/wp\/v2\/posts\/1439","targetHints":{"allow":["GET"]}}],"collection":[{"href":"https:\/\/www.ipvsl.com\/es\/wp-json\/wp\/v2\/posts"}],"about":[{"href":"https:\/\/www.ipvsl.com\/es\/wp-json\/wp\/v2\/types\/post"}],"author":[{"embeddable":true,"href":"https:\/\/www.ipvsl.com\/es\/wp-json\/wp\/v2\/users\/3"}],"replies":[{"embeddable":true,"href":"https:\/\/www.ipvsl.com\/es\/wp-json\/wp\/v2\/comments?post=1439"}],"version-history":[{"count":5,"href":"https:\/\/www.ipvsl.com\/es\/wp-json\/wp\/v2\/posts\/1439\/revisions"}],"predecessor-version":[{"id":1445,"href":"https:\/\/www.ipvsl.com\/es\/wp-json\/wp\/v2\/posts\/1439\/revisions\/1445"}],"wp:featuredmedia":[{"embeddable":true,"href":"https:\/\/www.ipvsl.com\/es\/wp-json\/wp\/v2\/media\/1440"}],"wp:attachment":[{"href":"https:\/\/www.ipvsl.com\/es\/wp-json\/wp\/v2\/media?parent=1439"}],"wp:term":[{"taxonomy":"category","embeddable":true,"href":"https:\/\/www.ipvsl.com\/es\/wp-json\/wp\/v2\/categories?post=1439"},{"taxonomy":"post_tag","embeddable":true,"href":"https:\/\/www.ipvsl.com\/es\/wp-json\/wp\/v2\/tags?post=1439"}],"curies":[{"name":"wp","href":"https:\/\/api.w.org\/{rel}","templated":true}]}}