{"id":1367,"date":"2019-03-18T11:05:51","date_gmt":"2019-03-18T11:05:51","guid":{"rendered":"https:\/\/www.ipvsl.com\/?p=1367"},"modified":"2019-03-18T11:45:49","modified_gmt":"2019-03-18T11:45:49","slug":"ipv-incorpora-un-nou-enginyer-com-a-responsable-del-departament-de-manteniment","status":"publish","type":"post","link":"https:\/\/www.ipvsl.com\/es\/ipv-incorpora-un-nou-enginyer-com-a-responsable-del-departament-de-manteniment\/","title":{"rendered":"IPV incorpora un nuevo ingeniero como responsable del Departamento de Mantenimiento"},"content":{"rendered":"<p>IPV (Instalaciones y Proyectos de Vanguardia) se ha reforzado con la incorporaci\u00f3n de un nuevo ingeniero que asume las funciones de responsable del Departamento de Mantenimiento. Ferran Mar\u00edn, ingeniero t\u00e9cnico industrial especializado en Electricidad por la Universitat Polit\u00e8cnica de Catalunya (UPC), llega a IPV despu\u00e9s de haber acumulado una dilatada trayectoria como responsable de Departamento T\u00e9cnico, Project Manager e ingeniero de oficina t\u00e9cnica y de proyectos en varias empresas.<\/p>\n<p>En IPV se encargar\u00e1 de preparar y ejecutar todos los mantenimientos preventivos y correctivos de las instalaciones de Alta Tensi\u00f3n y Solar Fotovoltaica. Adem\u00e1s, ser\u00e1 responsable de sistemas GMAO (Gesti\u00f3n del Mantenimiento Asistido por Ordenador). En la experiencia profesional anterior a su incorporaci\u00f3n a IPV, Ferran Mar\u00edn ejerc\u00eda como responsable de departamento t\u00e9cnico industrial, en el cual desarrollaba tareas de coordinaci\u00f3n y de distribuci\u00f3n y planificaci\u00f3n de proyectos. Entre sus funciones tambi\u00e9n figuraban las de actuar como enlace y hacer seguimiento y coordinaci\u00f3n directa con Producci\u00f3n y sus departamentos, y ser responsable de la divisi\u00f3n de Montajes Outdoor.<\/p>\n<p>A partir de ahora, inicia una nueva etapa profesional con IPV, en la cual le deseamos muchos \u00e9xitos.<\/p>\n<p>Bienvenido, Ferran.<\/p>","protected":false},"excerpt":{"rendered":"<p>IPV (Instalaciones y Proyectos de Vanguardia) se ha reforzado con la incorporaci\u00f3n de un nuevo ingeniero que asume las funciones de responsable del Departamento de Mantenimiento. Ferran Mar\u00edn, ingeniero t\u00e9cnico industrial especializado en Electricidad por la Universitat Polit\u00e8cnica de Catalunya (UPC), llega a IPV despu\u00e9s de haber acumulado una dilatada trayectoria como responsable de Departamento [&hellip;]<\/p>\n","protected":false},"author":3,"featured_media":1369,"comment_status":"closed","ping_status":"open","sticky":false,"template":"","format":"standard","meta":{"footnotes":""},"categories":[1],"tags":[17,21,16,31,22],"class_list":["post-1367","post","type-post","status-publish","format-standard","has-post-thumbnail","hentry","category-sin-categoria","tag-energia","tag-enginyeria","tag-ipv","tag-lleida","tag-manteniment"],"yoast_head":"<!-- This site is optimized with the Yoast SEO plugin v25.7 - https:\/\/yoast.com\/wordpress\/plugins\/seo\/ -->\n<title>IPV incorpora un nuevo ingeniero como responsable del Departamento de Mantenimiento - IPV SL<\/title>\n<meta name=\"robots\" content=\"index, follow, max-snippet:-1, max-image-preview:large, max-video-preview:-1\" \/>\n<link rel=\"canonical\" href=\"https:\/\/www.ipvsl.com\/ipv-incorpora-un-nou-enginyer-com-a-responsable-del-departament-de-manteniment\/\" \/>\n<meta property=\"og:locale\" content=\"es_ES\" \/>\n<meta property=\"og:type\" content=\"article\" \/>\n<meta property=\"og:title\" content=\"[:es]IPV incorpora un nuevo ingeniero como responsable del Departamento de Mantenimiento[:ca]IPV incorpora un nou enginyer com a responsable del Departament de Manteniment[:] - IPV SL\" \/>\n<meta property=\"og:description\" content=\"IPV (Instalaciones y Proyectos de Vanguardia) se ha reforzado con la incorporaci\u00f3n de un nuevo ingeniero que asume las funciones de responsable del Departamento de Mantenimiento. Ferran Mar\u00edn, ingeniero t\u00e9cnico industrial especializado en Electricidad por la Universitat Polit\u00e8cnica de Catalunya (UPC), llega a IPV despu\u00e9s de haber acumulado una dilatada trayectoria como responsable de Departamento [&hellip;]\" \/>\n<meta property=\"og:url\" content=\"https:\/\/www.ipvsl.com\/ipv-incorpora-un-nou-enginyer-com-a-responsable-del-departament-de-manteniment\/\" \/>\n<meta property=\"og:site_name\" content=\"IPV SL\" \/>\n<meta property=\"article:published_time\" content=\"2019-03-18T11:05:51+00:00\" \/>\n<meta property=\"article:modified_time\" content=\"2019-03-18T11:45:49+00:00\" \/>\n<meta property=\"og:image\" content=\"https:\/\/www.ipvsl.com\/wp-content\/uploads\/2019\/03\/Ferran-Marin-IPV-e1552906925276.jpg\" \/>\n\t<meta property=\"og:image:width\" content=\"1052\" \/>\n\t<meta property=\"og:image:height\" content=\"1332\" \/>\n\t<meta property=\"og:image:type\" content=\"image\/jpeg\" \/>\n<meta name=\"author\" content=\"Txell Moragues\" \/>\n<meta name=\"twitter:card\" content=\"summary_large_image\" \/>\n<meta name=\"twitter:label1\" content=\"Escrito por\" \/>\n\t<meta name=\"twitter:data1\" content=\"Txell Moragues\" \/>\n\t<meta name=\"twitter:label2\" content=\"Tiempo de lectura\" \/>\n\t<meta name=\"twitter:data2\" content=\"2 minutos\" \/>\n<script type=\"application\/ld+json\" class=\"yoast-schema-graph\">{\"@context\":\"https:\/\/schema.org\",\"@graph\":[{\"@type\":\"WebPage\",\"@id\":\"https:\/\/www.ipvsl.com\/ipv-incorpora-un-nou-enginyer-com-a-responsable-del-departament-de-manteniment\/\",\"url\":\"https:\/\/www.ipvsl.com\/ipv-incorpora-un-nou-enginyer-com-a-responsable-del-departament-de-manteniment\/\",\"name\":\"[:es]IPV incorpora un nuevo ingeniero como responsable del Departamento de Mantenimiento[:ca]IPV incorpora un nou enginyer com a responsable del Departament de Manteniment[:] - IPV SL\",\"isPartOf\":{\"@id\":\"https:\/\/www.ipvsl.com\/#website\"},\"primaryImageOfPage\":{\"@id\":\"https:\/\/www.ipvsl.com\/ipv-incorpora-un-nou-enginyer-com-a-responsable-del-departament-de-manteniment\/#primaryimage\"},\"image\":{\"@id\":\"https:\/\/www.ipvsl.com\/ipv-incorpora-un-nou-enginyer-com-a-responsable-del-departament-de-manteniment\/#primaryimage\"},\"thumbnailUrl\":\"https:\/\/www.ipvsl.com\/wp-content\/uploads\/2019\/03\/Ferran-Marin-IPV-e1552906925276.jpg\",\"datePublished\":\"2019-03-18T11:05:51+00:00\",\"dateModified\":\"2019-03-18T11:45:49+00:00\",\"author\":{\"@id\":\"https:\/\/www.ipvsl.com\/#\/schema\/person\/d64d9aacb7978c883c2acd678554fd25\"},\"breadcrumb\":{\"@id\":\"https:\/\/www.ipvsl.com\/ipv-incorpora-un-nou-enginyer-com-a-responsable-del-departament-de-manteniment\/#breadcrumb\"},\"inLanguage\":\"es\",\"potentialAction\":[{\"@type\":\"ReadAction\",\"target\":[\"https:\/\/www.ipvsl.com\/ipv-incorpora-un-nou-enginyer-com-a-responsable-del-departament-de-manteniment\/\"]}]},{\"@type\":\"ImageObject\",\"inLanguage\":\"es\",\"@id\":\"https:\/\/www.ipvsl.com\/ipv-incorpora-un-nou-enginyer-com-a-responsable-del-departament-de-manteniment\/#primaryimage\",\"url\":\"https:\/\/www.ipvsl.com\/wp-content\/uploads\/2019\/03\/Ferran-Marin-IPV-e1552906925276.jpg\",\"contentUrl\":\"https:\/\/www.ipvsl.com\/wp-content\/uploads\/2019\/03\/Ferran-Marin-IPV-e1552906925276.jpg\",\"width\":1052,\"height\":1332},{\"@type\":\"BreadcrumbList\",\"@id\":\"https:\/\/www.ipvsl.com\/ipv-incorpora-un-nou-enginyer-com-a-responsable-del-departament-de-manteniment\/#breadcrumb\",\"itemListElement\":[{\"@type\":\"ListItem\",\"position\":1,\"name\":\"Portada\",\"item\":\"https:\/\/www.ipvsl.com\/\"},{\"@type\":\"ListItem\",\"position\":2,\"name\":\"IPV incorpora un nuevo ingeniero como responsable del Departamento de Mantenimiento\"}]},{\"@type\":\"WebSite\",\"@id\":\"https:\/\/www.ipvsl.com\/#website\",\"url\":\"https:\/\/www.ipvsl.com\/\",\"name\":\"IPV SL\",\"description\":\"IPV SL\",\"potentialAction\":[{\"@type\":\"SearchAction\",\"target\":{\"@type\":\"EntryPoint\",\"urlTemplate\":\"https:\/\/www.ipvsl.com\/?s={search_term_string}\"},\"query-input\":{\"@type\":\"PropertyValueSpecification\",\"valueRequired\":true,\"valueName\":\"search_term_string\"}}],\"inLanguage\":\"es\"},{\"@type\":\"Person\",\"@id\":\"https:\/\/www.ipvsl.com\/#\/schema\/person\/d64d9aacb7978c883c2acd678554fd25\",\"name\":\"Txell Moragues\",\"image\":{\"@type\":\"ImageObject\",\"inLanguage\":\"es\",\"@id\":\"https:\/\/www.ipvsl.com\/#\/schema\/person\/image\/\",\"url\":\"https:\/\/secure.gravatar.com\/avatar\/0663f85ffea1f1bd091bb905ca1fdb86c0d9bb82ad14b748cb0f028d4adc2ec8?s=96&d=mm&r=g\",\"contentUrl\":\"https:\/\/secure.gravatar.com\/avatar\/0663f85ffea1f1bd091bb905ca1fdb86c0d9bb82ad14b748cb0f028d4adc2ec8?s=96&d=mm&r=g\",\"caption\":\"Txell Moragues\"},\"url\":\"https:\/\/www.ipvsl.com\/es\/author\/carlos\/\"}]}<\/script>\n<!-- \/ Yoast SEO plugin. -->","yoast_head_json":{"title":"[:es]IPV incorpora un nuevo ingeniero como responsable del Departamento de Mantenimiento[:ca]IPV incorpora un nou enginyer com a responsable del Departament de Manteniment[:] - IPV SL","robots":{"index":"index","follow":"follow","max-snippet":"max-snippet:-1","max-image-preview":"max-image-preview:large","max-video-preview":"max-video-preview:-1"},"canonical":"https:\/\/www.ipvsl.com\/ipv-incorpora-un-nou-enginyer-com-a-responsable-del-departament-de-manteniment\/","og_locale":"es_ES","og_type":"article","og_title":"[:es]IPV incorpora un nuevo ingeniero como responsable del Departamento de Mantenimiento[:ca]IPV incorpora un nou enginyer com a responsable del Departament de Manteniment[:] - IPV SL","og_description":"IPV (Instalaciones y Proyectos de Vanguardia) se ha reforzado con la incorporaci\u00f3n de un nuevo ingeniero que asume las funciones de responsable del Departamento de Mantenimiento. Ferran Mar\u00edn, ingeniero t\u00e9cnico industrial especializado en Electricidad por la Universitat Polit\u00e8cnica de Catalunya (UPC), llega a IPV despu\u00e9s de haber acumulado una dilatada trayectoria como responsable de Departamento [&hellip;]","og_url":"https:\/\/www.ipvsl.com\/ipv-incorpora-un-nou-enginyer-com-a-responsable-del-departament-de-manteniment\/","og_site_name":"IPV SL","article_published_time":"2019-03-18T11:05:51+00:00","article_modified_time":"2019-03-18T11:45:49+00:00","og_image":[{"width":1052,"height":1332,"url":"https:\/\/www.ipvsl.com\/wp-content\/uploads\/2019\/03\/Ferran-Marin-IPV-e1552906925276.jpg","type":"image\/jpeg"}],"author":"Txell Moragues","twitter_card":"summary_large_image","twitter_misc":{"Escrito por":"Txell Moragues","Tiempo de lectura":"2 minutos"},"schema":{"@context":"https:\/\/schema.org","@graph":[{"@type":"WebPage","@id":"https:\/\/www.ipvsl.com\/ipv-incorpora-un-nou-enginyer-com-a-responsable-del-departament-de-manteniment\/","url":"https:\/\/www.ipvsl.com\/ipv-incorpora-un-nou-enginyer-com-a-responsable-del-departament-de-manteniment\/","name":"[:es]IPV incorpora un nuevo ingeniero como responsable del Departamento de Mantenimiento[:ca]IPV incorpora un nou enginyer com a responsable del Departament de Manteniment[:] - IPV SL","isPartOf":{"@id":"https:\/\/www.ipvsl.com\/#website"},"primaryImageOfPage":{"@id":"https:\/\/www.ipvsl.com\/ipv-incorpora-un-nou-enginyer-com-a-responsable-del-departament-de-manteniment\/#primaryimage"},"image":{"@id":"https:\/\/www.ipvsl.com\/ipv-incorpora-un-nou-enginyer-com-a-responsable-del-departament-de-manteniment\/#primaryimage"},"thumbnailUrl":"https:\/\/www.ipvsl.com\/wp-content\/uploads\/2019\/03\/Ferran-Marin-IPV-e1552906925276.jpg","datePublished":"2019-03-18T11:05:51+00:00","dateModified":"2019-03-18T11:45:49+00:00","author":{"@id":"https:\/\/www.ipvsl.com\/#\/schema\/person\/d64d9aacb7978c883c2acd678554fd25"},"breadcrumb":{"@id":"https:\/\/www.ipvsl.com\/ipv-incorpora-un-nou-enginyer-com-a-responsable-del-departament-de-manteniment\/#breadcrumb"},"inLanguage":"es","potentialAction":[{"@type":"ReadAction","target":["https:\/\/www.ipvsl.com\/ipv-incorpora-un-nou-enginyer-com-a-responsable-del-departament-de-manteniment\/"]}]},{"@type":"ImageObject","inLanguage":"es","@id":"https:\/\/www.ipvsl.com\/ipv-incorpora-un-nou-enginyer-com-a-responsable-del-departament-de-manteniment\/#primaryimage","url":"https:\/\/www.ipvsl.com\/wp-content\/uploads\/2019\/03\/Ferran-Marin-IPV-e1552906925276.jpg","contentUrl":"https:\/\/www.ipvsl.com\/wp-content\/uploads\/2019\/03\/Ferran-Marin-IPV-e1552906925276.jpg","width":1052,"height":1332},{"@type":"BreadcrumbList","@id":"https:\/\/www.ipvsl.com\/ipv-incorpora-un-nou-enginyer-com-a-responsable-del-departament-de-manteniment\/#breadcrumb","itemListElement":[{"@type":"ListItem","position":1,"name":"Portada","item":"https:\/\/www.ipvsl.com\/"},{"@type":"ListItem","position":2,"name":"IPV incorpora un nuevo ingeniero como responsable del Departamento de Mantenimiento"}]},{"@type":"WebSite","@id":"https:\/\/www.ipvsl.com\/#website","url":"https:\/\/www.ipvsl.com\/","name":"IPV SL","description":"IPV SL","potentialAction":[{"@type":"SearchAction","target":{"@type":"EntryPoint","urlTemplate":"https:\/\/www.ipvsl.com\/?s={search_term_string}"},"query-input":{"@type":"PropertyValueSpecification","valueRequired":true,"valueName":"search_term_string"}}],"inLanguage":"es"},{"@type":"Person","@id":"https:\/\/www.ipvsl.com\/#\/schema\/person\/d64d9aacb7978c883c2acd678554fd25","name":"Txell Moragues","image":{"@type":"ImageObject","inLanguage":"es","@id":"https:\/\/www.ipvsl.com\/#\/schema\/person\/image\/","url":"https:\/\/secure.gravatar.com\/avatar\/0663f85ffea1f1bd091bb905ca1fdb86c0d9bb82ad14b748cb0f028d4adc2ec8?s=96&d=mm&r=g","contentUrl":"https:\/\/secure.gravatar.com\/avatar\/0663f85ffea1f1bd091bb905ca1fdb86c0d9bb82ad14b748cb0f028d4adc2ec8?s=96&d=mm&r=g","caption":"Txell Moragues"},"url":"https:\/\/www.ipvsl.com\/es\/author\/carlos\/"}]}},"_links":{"self":[{"href":"https:\/\/www.ipvsl.com\/es\/wp-json\/wp\/v2\/posts\/1367","targetHints":{"allow":["GET"]}}],"collection":[{"href":"https:\/\/www.ipvsl.com\/es\/wp-json\/wp\/v2\/posts"}],"about":[{"href":"https:\/\/www.ipvsl.com\/es\/wp-json\/wp\/v2\/types\/post"}],"author":[{"embeddable":true,"href":"https:\/\/www.ipvsl.com\/es\/wp-json\/wp\/v2\/users\/3"}],"replies":[{"embeddable":true,"href":"https:\/\/www.ipvsl.com\/es\/wp-json\/wp\/v2\/comments?post=1367"}],"version-history":[{"count":8,"href":"https:\/\/www.ipvsl.com\/es\/wp-json\/wp\/v2\/posts\/1367\/revisions"}],"predecessor-version":[{"id":1378,"href":"https:\/\/www.ipvsl.com\/es\/wp-json\/wp\/v2\/posts\/1367\/revisions\/1378"}],"wp:featuredmedia":[{"embeddable":true,"href":"https:\/\/www.ipvsl.com\/es\/wp-json\/wp\/v2\/media\/1369"}],"wp:attachment":[{"href":"https:\/\/www.ipvsl.com\/es\/wp-json\/wp\/v2\/media?parent=1367"}],"wp:term":[{"taxonomy":"category","embeddable":true,"href":"https:\/\/www.ipvsl.com\/es\/wp-json\/wp\/v2\/categories?post=1367"},{"taxonomy":"post_tag","embeddable":true,"href":"https:\/\/www.ipvsl.com\/es\/wp-json\/wp\/v2\/tags?post=1367"}],"curies":[{"name":"wp","href":"https:\/\/api.w.org\/{rel}","templated":true}]}}