{"id":1256,"date":"2018-09-19T09:29:00","date_gmt":"2018-09-19T09:29:00","guid":{"rendered":"https:\/\/www.ipvsl.com\/new\/?p=1256"},"modified":"2018-09-20T11:06:55","modified_gmt":"2018-09-20T11:06:55","slug":"ipv-llanca-el-pla-solarnow","status":"publish","type":"post","link":"https:\/\/www.ipvsl.com\/es\/ipv-llanca-el-pla-solarnow\/","title":{"rendered":"IPV lanza el plan &#8216;SolarNow&#8217; para autoconsumo energ\u00e9tico en la industria"},"content":{"rendered":"<p>IPV (Instalaciones y Proyectos de Vanguardia) ha lanzado un nuevo plan, denominado <strong>&#8216;SolarNow&#8217;<\/strong>, con el objetivo de facilitar el autoconsumo fotovoltaico dentro del sector industrial. Con esta iniciativa, IPV ofrece a todos sus clientes la opci\u00f3n de recibir, de manera gratuita y sin ning\u00fan compromiso, un estudio t\u00e9cnico-econ\u00f3mico personalizado para valorar la viabilidad de este tipo de instalaci\u00f3n, teniendo en cuenta el coste real de la planta fotovoltaica, el ahorro que se obtendr\u00eda gracias a ella y el tiempo del retorno de la inversi\u00f3n.<br \/>\nEl plan <strong>&#8216;SolarNow&#8217;<\/strong> est\u00e1 concebido para presentar a los clientes de IPV un proyecto llaves en mano que favorece la reducci\u00f3n de costes energ\u00e9ticos y rebaja el impacto sobre el medio ambiente. La entrada en funcionamiento de una instalaci\u00f3n fotovoltaica genera ahorros econ\u00f3micos a trav\u00e9s de los kWh que dejan de ser consumidos de la red el\u00e9ctrica y de la disminuci\u00f3n de los gastos fijos en la factura el\u00e9ctrica, mediante el ajuste de la potencia contratada.<br \/>\nPara la realizaci\u00f3n de este estudio, IPV se basar\u00e1 en los datos de potencia contratada, los metros cuadrados del tejado disponible y los consumos el\u00e9ctricos del \u00faltimo a\u00f1o.<br \/>\nAdem\u00e1s, con el plan <strong>&#8216;SolarNow&#8217;<\/strong>, IPV da la posibilidad de financiar toda la inversi\u00f3n y tambi\u00e9n ofrece un contrato de mantenimiento con garant\u00eda total durante todo el periodo de la financiaci\u00f3n, extensible posteriormente a toda la vida \u00fatil de la planta.<br \/>\nLos interesados pueden obtener toda la informaci\u00f3n a trav\u00e9s del correo electr\u00f3nico <a href=\"mailto:solarnow@ipvsl.com\">solarnow@ipvsl.com<\/a> o llamando a nuestras oficinas al n\u00famero de tel\u00e9fono 973 25 70 90.<\/p>\n<p><iframe loading=\"lazy\" width=\"891\" height=\"501\" src=\"https:\/\/www.youtube.com\/embed\/JcRLsBgM_Ag?feature=oembed&#038;enablejsapi=1&#038;origin=https:\/\/www.ipvsl.com\/new\" frameborder=\"0\" allow=\"autoplay; encrypted-media\" allowfullscreen><\/iframe><\/p>","protected":false},"excerpt":{"rendered":"<p>IPV (Instalaciones y Proyectos de Vanguardia) ha lanzado un nuevo plan, denominado &#8216;SolarNow&#8217;, con el objetivo de facilitar el autoconsumo fotovoltaico dentro del sector industrial. Con esta iniciativa, IPV ofrece a todos sus clientes la opci\u00f3n de recibir, de manera gratuita y sin ning\u00fan compromiso, un estudio t\u00e9cnico-econ\u00f3mico personalizado para valorar la viabilidad de este [&hellip;]<\/p>\n","protected":false},"author":3,"featured_media":1285,"comment_status":"closed","ping_status":"open","sticky":false,"template":"","format":"standard","meta":{"footnotes":""},"categories":[1],"tags":[27,26,16,25],"class_list":["post-1256","post","type-post","status-publish","format-standard","has-post-thumbnail","hentry","category-sin-categoria","tag-autoconsum","tag-fotovoltaica","tag-ipv","tag-solarnow"],"yoast_head":"<!-- This site is optimized with the Yoast SEO plugin v25.7 - https:\/\/yoast.com\/wordpress\/plugins\/seo\/ -->\n<title>IPV lanza el plan &#039;SolarNow&#039; para autoconsumo energ\u00e9tico en la industria - IPV SL<\/title>\n<meta name=\"robots\" content=\"index, follow, max-snippet:-1, max-image-preview:large, max-video-preview:-1\" \/>\n<link rel=\"canonical\" href=\"https:\/\/www.ipvsl.com\/ipv-llanca-el-pla-solarnow\/\" \/>\n<meta property=\"og:locale\" content=\"es_ES\" \/>\n<meta property=\"og:type\" content=\"article\" \/>\n<meta property=\"og:title\" content=\"[:es]IPV lanza el plan &#039;SolarNow&#039; para autoconsumo energ\u00e9tico en la industria[:ca]IPV llan\u00e7a el pla &#039;SolarNow&#039; per facilitar l&#039;autoconsum energ\u00e8tic a les ind\u00fastries[:] - IPV SL\" \/>\n<meta property=\"og:description\" content=\"IPV (Instalaciones y Proyectos de Vanguardia) ha lanzado un nuevo plan, denominado &#8216;SolarNow&#8217;, con el objetivo de facilitar el autoconsumo fotovoltaico dentro del sector industrial. Con esta iniciativa, IPV ofrece a todos sus clientes la opci\u00f3n de recibir, de manera gratuita y sin ning\u00fan compromiso, un estudio t\u00e9cnico-econ\u00f3mico personalizado para valorar la viabilidad de este [&hellip;]\" \/>\n<meta property=\"og:url\" content=\"https:\/\/www.ipvsl.com\/ipv-llanca-el-pla-solarnow\/\" \/>\n<meta property=\"og:site_name\" content=\"IPV SL\" \/>\n<meta property=\"article:published_time\" content=\"2018-09-19T09:29:00+00:00\" \/>\n<meta property=\"article:modified_time\" content=\"2018-09-20T11:06:55+00:00\" \/>\n<meta property=\"og:image\" content=\"https:\/\/www.ipvsl.com\/wp-content\/uploads\/2018\/09\/alternative-alternative-energy-blue-411592-plaques-solars-min-4-e1537441523412.jpg\" \/>\n\t<meta property=\"og:image:width\" content=\"2535\" \/>\n\t<meta property=\"og:image:height\" content=\"1685\" \/>\n\t<meta property=\"og:image:type\" content=\"image\/jpeg\" \/>\n<meta name=\"author\" content=\"Txell Moragues\" \/>\n<meta name=\"twitter:card\" content=\"summary_large_image\" \/>\n<meta name=\"twitter:label1\" content=\"Escrito por\" \/>\n\t<meta name=\"twitter:data1\" content=\"Txell Moragues\" \/>\n\t<meta name=\"twitter:label2\" content=\"Tiempo de lectura\" \/>\n\t<meta name=\"twitter:data2\" content=\"3 minutos\" \/>\n<script type=\"application\/ld+json\" class=\"yoast-schema-graph\">{\"@context\":\"https:\/\/schema.org\",\"@graph\":[{\"@type\":\"WebPage\",\"@id\":\"https:\/\/www.ipvsl.com\/ipv-llanca-el-pla-solarnow\/\",\"url\":\"https:\/\/www.ipvsl.com\/ipv-llanca-el-pla-solarnow\/\",\"name\":\"[:es]IPV lanza el plan 'SolarNow' para autoconsumo energ\u00e9tico en la industria[:ca]IPV llan\u00e7a el pla 'SolarNow' per facilitar l'autoconsum energ\u00e8tic a les ind\u00fastries[:] - IPV SL\",\"isPartOf\":{\"@id\":\"https:\/\/www.ipvsl.com\/#website\"},\"primaryImageOfPage\":{\"@id\":\"https:\/\/www.ipvsl.com\/ipv-llanca-el-pla-solarnow\/#primaryimage\"},\"image\":{\"@id\":\"https:\/\/www.ipvsl.com\/ipv-llanca-el-pla-solarnow\/#primaryimage\"},\"thumbnailUrl\":\"https:\/\/www.ipvsl.com\/wp-content\/uploads\/2018\/09\/alternative-alternative-energy-blue-411592-plaques-solars-min-4-e1537441523412.jpg\",\"datePublished\":\"2018-09-19T09:29:00+00:00\",\"dateModified\":\"2018-09-20T11:06:55+00:00\",\"author\":{\"@id\":\"https:\/\/www.ipvsl.com\/#\/schema\/person\/d64d9aacb7978c883c2acd678554fd25\"},\"breadcrumb\":{\"@id\":\"https:\/\/www.ipvsl.com\/ipv-llanca-el-pla-solarnow\/#breadcrumb\"},\"inLanguage\":\"es\",\"potentialAction\":[{\"@type\":\"ReadAction\",\"target\":[\"https:\/\/www.ipvsl.com\/ipv-llanca-el-pla-solarnow\/\"]}]},{\"@type\":\"ImageObject\",\"inLanguage\":\"es\",\"@id\":\"https:\/\/www.ipvsl.com\/ipv-llanca-el-pla-solarnow\/#primaryimage\",\"url\":\"https:\/\/www.ipvsl.com\/wp-content\/uploads\/2018\/09\/alternative-alternative-energy-blue-411592-plaques-solars-min-4-e1537441523412.jpg\",\"contentUrl\":\"https:\/\/www.ipvsl.com\/wp-content\/uploads\/2018\/09\/alternative-alternative-energy-blue-411592-plaques-solars-min-4-e1537441523412.jpg\",\"width\":2535,\"height\":1685},{\"@type\":\"BreadcrumbList\",\"@id\":\"https:\/\/www.ipvsl.com\/ipv-llanca-el-pla-solarnow\/#breadcrumb\",\"itemListElement\":[{\"@type\":\"ListItem\",\"position\":1,\"name\":\"Portada\",\"item\":\"https:\/\/www.ipvsl.com\/\"},{\"@type\":\"ListItem\",\"position\":2,\"name\":\"IPV llan\u00e7a el pla &#8216;SolarNow&#8217; per facilitar l&#8217;autoconsum energ\u00e8tic a les ind\u00fastries\"}]},{\"@type\":\"WebSite\",\"@id\":\"https:\/\/www.ipvsl.com\/#website\",\"url\":\"https:\/\/www.ipvsl.com\/\",\"name\":\"IPV SL\",\"description\":\"IPV SL\",\"potentialAction\":[{\"@type\":\"SearchAction\",\"target\":{\"@type\":\"EntryPoint\",\"urlTemplate\":\"https:\/\/www.ipvsl.com\/?s={search_term_string}\"},\"query-input\":{\"@type\":\"PropertyValueSpecification\",\"valueRequired\":true,\"valueName\":\"search_term_string\"}}],\"inLanguage\":\"es\"},{\"@type\":\"Person\",\"@id\":\"https:\/\/www.ipvsl.com\/#\/schema\/person\/d64d9aacb7978c883c2acd678554fd25\",\"name\":\"Txell Moragues\",\"image\":{\"@type\":\"ImageObject\",\"inLanguage\":\"es\",\"@id\":\"https:\/\/www.ipvsl.com\/#\/schema\/person\/image\/\",\"url\":\"https:\/\/secure.gravatar.com\/avatar\/0663f85ffea1f1bd091bb905ca1fdb86c0d9bb82ad14b748cb0f028d4adc2ec8?s=96&d=mm&r=g\",\"contentUrl\":\"https:\/\/secure.gravatar.com\/avatar\/0663f85ffea1f1bd091bb905ca1fdb86c0d9bb82ad14b748cb0f028d4adc2ec8?s=96&d=mm&r=g\",\"caption\":\"Txell Moragues\"},\"url\":\"https:\/\/www.ipvsl.com\/es\/author\/carlos\/\"}]}<\/script>\n<!-- \/ Yoast SEO plugin. -->","yoast_head_json":{"title":"[:es]IPV lanza el plan 'SolarNow' para autoconsumo energ\u00e9tico en la industria[:ca]IPV llan\u00e7a el pla 'SolarNow' per facilitar l'autoconsum energ\u00e8tic a les ind\u00fastries[:] - IPV SL","robots":{"index":"index","follow":"follow","max-snippet":"max-snippet:-1","max-image-preview":"max-image-preview:large","max-video-preview":"max-video-preview:-1"},"canonical":"https:\/\/www.ipvsl.com\/ipv-llanca-el-pla-solarnow\/","og_locale":"es_ES","og_type":"article","og_title":"[:es]IPV lanza el plan 'SolarNow' para autoconsumo energ\u00e9tico en la industria[:ca]IPV llan\u00e7a el pla 'SolarNow' per facilitar l'autoconsum energ\u00e8tic a les ind\u00fastries[:] - IPV SL","og_description":"IPV (Instalaciones y Proyectos de Vanguardia) ha lanzado un nuevo plan, denominado &#8216;SolarNow&#8217;, con el objetivo de facilitar el autoconsumo fotovoltaico dentro del sector industrial. Con esta iniciativa, IPV ofrece a todos sus clientes la opci\u00f3n de recibir, de manera gratuita y sin ning\u00fan compromiso, un estudio t\u00e9cnico-econ\u00f3mico personalizado para valorar la viabilidad de este [&hellip;]","og_url":"https:\/\/www.ipvsl.com\/ipv-llanca-el-pla-solarnow\/","og_site_name":"IPV SL","article_published_time":"2018-09-19T09:29:00+00:00","article_modified_time":"2018-09-20T11:06:55+00:00","og_image":[{"width":2535,"height":1685,"url":"https:\/\/www.ipvsl.com\/wp-content\/uploads\/2018\/09\/alternative-alternative-energy-blue-411592-plaques-solars-min-4-e1537441523412.jpg","type":"image\/jpeg"}],"author":"Txell Moragues","twitter_card":"summary_large_image","twitter_misc":{"Escrito por":"Txell Moragues","Tiempo de lectura":"3 minutos"},"schema":{"@context":"https:\/\/schema.org","@graph":[{"@type":"WebPage","@id":"https:\/\/www.ipvsl.com\/ipv-llanca-el-pla-solarnow\/","url":"https:\/\/www.ipvsl.com\/ipv-llanca-el-pla-solarnow\/","name":"[:es]IPV lanza el plan 'SolarNow' para autoconsumo energ\u00e9tico en la industria[:ca]IPV llan\u00e7a el pla 'SolarNow' per facilitar l'autoconsum energ\u00e8tic a les ind\u00fastries[:] - IPV SL","isPartOf":{"@id":"https:\/\/www.ipvsl.com\/#website"},"primaryImageOfPage":{"@id":"https:\/\/www.ipvsl.com\/ipv-llanca-el-pla-solarnow\/#primaryimage"},"image":{"@id":"https:\/\/www.ipvsl.com\/ipv-llanca-el-pla-solarnow\/#primaryimage"},"thumbnailUrl":"https:\/\/www.ipvsl.com\/wp-content\/uploads\/2018\/09\/alternative-alternative-energy-blue-411592-plaques-solars-min-4-e1537441523412.jpg","datePublished":"2018-09-19T09:29:00+00:00","dateModified":"2018-09-20T11:06:55+00:00","author":{"@id":"https:\/\/www.ipvsl.com\/#\/schema\/person\/d64d9aacb7978c883c2acd678554fd25"},"breadcrumb":{"@id":"https:\/\/www.ipvsl.com\/ipv-llanca-el-pla-solarnow\/#breadcrumb"},"inLanguage":"es","potentialAction":[{"@type":"ReadAction","target":["https:\/\/www.ipvsl.com\/ipv-llanca-el-pla-solarnow\/"]}]},{"@type":"ImageObject","inLanguage":"es","@id":"https:\/\/www.ipvsl.com\/ipv-llanca-el-pla-solarnow\/#primaryimage","url":"https:\/\/www.ipvsl.com\/wp-content\/uploads\/2018\/09\/alternative-alternative-energy-blue-411592-plaques-solars-min-4-e1537441523412.jpg","contentUrl":"https:\/\/www.ipvsl.com\/wp-content\/uploads\/2018\/09\/alternative-alternative-energy-blue-411592-plaques-solars-min-4-e1537441523412.jpg","width":2535,"height":1685},{"@type":"BreadcrumbList","@id":"https:\/\/www.ipvsl.com\/ipv-llanca-el-pla-solarnow\/#breadcrumb","itemListElement":[{"@type":"ListItem","position":1,"name":"Portada","item":"https:\/\/www.ipvsl.com\/"},{"@type":"ListItem","position":2,"name":"IPV llan\u00e7a el pla &#8216;SolarNow&#8217; per facilitar l&#8217;autoconsum energ\u00e8tic a les ind\u00fastries"}]},{"@type":"WebSite","@id":"https:\/\/www.ipvsl.com\/#website","url":"https:\/\/www.ipvsl.com\/","name":"IPV SL","description":"IPV SL","potentialAction":[{"@type":"SearchAction","target":{"@type":"EntryPoint","urlTemplate":"https:\/\/www.ipvsl.com\/?s={search_term_string}"},"query-input":{"@type":"PropertyValueSpecification","valueRequired":true,"valueName":"search_term_string"}}],"inLanguage":"es"},{"@type":"Person","@id":"https:\/\/www.ipvsl.com\/#\/schema\/person\/d64d9aacb7978c883c2acd678554fd25","name":"Txell Moragues","image":{"@type":"ImageObject","inLanguage":"es","@id":"https:\/\/www.ipvsl.com\/#\/schema\/person\/image\/","url":"https:\/\/secure.gravatar.com\/avatar\/0663f85ffea1f1bd091bb905ca1fdb86c0d9bb82ad14b748cb0f028d4adc2ec8?s=96&d=mm&r=g","contentUrl":"https:\/\/secure.gravatar.com\/avatar\/0663f85ffea1f1bd091bb905ca1fdb86c0d9bb82ad14b748cb0f028d4adc2ec8?s=96&d=mm&r=g","caption":"Txell Moragues"},"url":"https:\/\/www.ipvsl.com\/es\/author\/carlos\/"}]}},"_links":{"self":[{"href":"https:\/\/www.ipvsl.com\/es\/wp-json\/wp\/v2\/posts\/1256","targetHints":{"allow":["GET"]}}],"collection":[{"href":"https:\/\/www.ipvsl.com\/es\/wp-json\/wp\/v2\/posts"}],"about":[{"href":"https:\/\/www.ipvsl.com\/es\/wp-json\/wp\/v2\/types\/post"}],"author":[{"embeddable":true,"href":"https:\/\/www.ipvsl.com\/es\/wp-json\/wp\/v2\/users\/3"}],"replies":[{"embeddable":true,"href":"https:\/\/www.ipvsl.com\/es\/wp-json\/wp\/v2\/comments?post=1256"}],"version-history":[{"count":13,"href":"https:\/\/www.ipvsl.com\/es\/wp-json\/wp\/v2\/posts\/1256\/revisions"}],"predecessor-version":[{"id":1262,"href":"https:\/\/www.ipvsl.com\/es\/wp-json\/wp\/v2\/posts\/1256\/revisions\/1262"}],"wp:featuredmedia":[{"embeddable":true,"href":"https:\/\/www.ipvsl.com\/es\/wp-json\/wp\/v2\/media\/1285"}],"wp:attachment":[{"href":"https:\/\/www.ipvsl.com\/es\/wp-json\/wp\/v2\/media?parent=1256"}],"wp:term":[{"taxonomy":"category","embeddable":true,"href":"https:\/\/www.ipvsl.com\/es\/wp-json\/wp\/v2\/categories?post=1256"},{"taxonomy":"post_tag","embeddable":true,"href":"https:\/\/www.ipvsl.com\/es\/wp-json\/wp\/v2\/tags?post=1256"}],"curies":[{"name":"wp","href":"https:\/\/api.w.org\/{rel}","templated":true}]}}