{"id":1242,"date":"2018-08-14T12:55:10","date_gmt":"2018-08-14T12:55:10","guid":{"rendered":"https:\/\/www.ipvsl.com\/new\/?p=1242"},"modified":"2018-09-19T11:33:06","modified_gmt":"2018-09-19T11:33:06","slug":"ipv-inicia-les-obres-del-nou-centre-de-transformacio-per-a-macoba","status":"publish","type":"post","link":"https:\/\/www.ipvsl.com\/es\/ipv-inicia-les-obres-del-nou-centre-de-transformacio-per-a-macoba\/","title":{"rendered":"IPV inicia las obras del nuevo centro de transformaci\u00f3n para MACOBA"},"content":{"rendered":"<p>IPV (Instalaciones y Proyectos de Vanguardia) ha iniciado durante el mes de agosto las obras de construcci\u00f3n del nuevo centro de transformaci\u00f3n para <a href=\"http:\/\/www.macoba.cat\">MACOBA<\/a>, matadero y sala de despiece de referencia en la comarca del Bages. El proyecto consiste en la instalaci\u00f3n de un nuevo centro de transformaci\u00f3n con capacidad para 2 transformadores de 1250 kVA de potencia, la ejecuci\u00f3n de la red de media y baja tensi\u00f3n, as\u00ed como sus diferentes conexiones.<\/p>\n<p>Para la ejecuci\u00f3n de la canalizaci\u00f3n de esta obra, IPV ha utilizado una rasadora que ofrece como gran ventaja la capacidad de minimizar el tiempo de realizaci\u00f3n de los trabajos de obra civil, con lo cual se evitan alteraciones en el d\u00eda a d\u00eda del cliente. Dicha rasadora efectuar\u00e1 una canalizaci\u00f3n de 12 tubos de di\u00e1metro 160 mm, que facilitar\u00e1 la conexi\u00f3n del nuevo centro de transformaci\u00f3n con la red de media tensi\u00f3n ya existente.<\/p>\n<p>El proyecto llevado a cabo por IPV permitir\u00e1 disponer de una potencia instalada de m\u00e1s de 3.000 kW y servir\u00e1 para dar suministro a la nueva depuradora y a las nuevas naves que <a href=\"http:\/\/www.macoba.cat\" rel=\"noopener\" target=\"_blank\">MACOBA<\/a> tiene previsto estrenar en breve.<\/p>\n<p><iframe loading=\"lazy\" width=\"891\" height=\"501\" src=\"https:\/\/www.youtube.com\/embed\/0_AnYlc9Wd0?feature=oembed&#038;enablejsapi=1&#038;origin=https:\/\/www.ipvsl.com\/new\" frameborder=\"0\" allow=\"autoplay; encrypted-media\" allowfullscreen><\/iframe><\/p>","protected":false},"excerpt":{"rendered":"<p>IPV (Instalaciones y Proyectos de Vanguardia) ha iniciado durante el mes de agosto las obras de construcci\u00f3n del nuevo centro de transformaci\u00f3n para MACOBA, matadero y sala de despiece de referencia en la comarca del Bages. El proyecto consiste en la instalaci\u00f3n de un nuevo centro de transformaci\u00f3n con capacidad para 2 transformadores de 1250 [&hellip;]<\/p>\n","protected":false},"author":3,"featured_media":1250,"comment_status":"closed","ping_status":"open","sticky":false,"template":"","format":"standard","meta":{"footnotes":""},"categories":[1],"tags":[17,16,24],"class_list":["post-1242","post","type-post","status-publish","format-standard","has-post-thumbnail","hentry","category-sin-categoria","tag-energia","tag-ipv","tag-macoba"],"yoast_head":"<!-- This site is optimized with the Yoast SEO plugin v25.7 - https:\/\/yoast.com\/wordpress\/plugins\/seo\/ -->\n<title>IPV inicia las obras del nuevo centro de transformaci\u00f3n para MACOBA - IPV SL<\/title>\n<meta name=\"robots\" content=\"index, follow, max-snippet:-1, max-image-preview:large, max-video-preview:-1\" \/>\n<link rel=\"canonical\" href=\"https:\/\/www.ipvsl.com\/ipv-inicia-les-obres-del-nou-centre-de-transformacio-per-a-macoba\/\" \/>\n<meta property=\"og:locale\" content=\"es_ES\" \/>\n<meta property=\"og:type\" content=\"article\" \/>\n<meta property=\"og:title\" content=\"[:es]IPV inicia las obras del nuevo centro de transformaci\u00f3n para MACOBA[:ca]IPV inicia les obres del nou centre de transformaci\u00f3 per a MACOBA[:] - IPV SL\" \/>\n<meta property=\"og:description\" content=\"IPV (Instalaciones y Proyectos de Vanguardia) ha iniciado durante el mes de agosto las obras de construcci\u00f3n del nuevo centro de transformaci\u00f3n para MACOBA, matadero y sala de despiece de referencia en la comarca del Bages. El proyecto consiste en la instalaci\u00f3n de un nuevo centro de transformaci\u00f3n con capacidad para 2 transformadores de 1250 [&hellip;]\" \/>\n<meta property=\"og:url\" content=\"https:\/\/www.ipvsl.com\/ipv-inicia-les-obres-del-nou-centre-de-transformacio-per-a-macoba\/\" \/>\n<meta property=\"og:site_name\" content=\"IPV SL\" \/>\n<meta property=\"article:published_time\" content=\"2018-08-14T12:55:10+00:00\" \/>\n<meta property=\"article:modified_time\" content=\"2018-09-19T11:33:06+00:00\" \/>\n<meta property=\"og:image\" content=\"https:\/\/www.ipvsl.com\/wp-content\/uploads\/2018\/08\/macoba-e1537356861487.png\" \/>\n\t<meta property=\"og:image:width\" content=\"970\" \/>\n\t<meta property=\"og:image:height\" content=\"647\" \/>\n\t<meta property=\"og:image:type\" content=\"image\/png\" \/>\n<meta name=\"author\" content=\"Txell Moragues\" \/>\n<meta name=\"twitter:card\" content=\"summary_large_image\" \/>\n<meta name=\"twitter:label1\" content=\"Escrito por\" \/>\n\t<meta name=\"twitter:data1\" content=\"Txell Moragues\" \/>\n\t<meta name=\"twitter:label2\" content=\"Tiempo de lectura\" \/>\n\t<meta name=\"twitter:data2\" content=\"2 minutos\" \/>\n<script type=\"application\/ld+json\" class=\"yoast-schema-graph\">{\"@context\":\"https:\/\/schema.org\",\"@graph\":[{\"@type\":\"WebPage\",\"@id\":\"https:\/\/www.ipvsl.com\/ipv-inicia-les-obres-del-nou-centre-de-transformacio-per-a-macoba\/\",\"url\":\"https:\/\/www.ipvsl.com\/ipv-inicia-les-obres-del-nou-centre-de-transformacio-per-a-macoba\/\",\"name\":\"[:es]IPV inicia las obras del nuevo centro de transformaci\u00f3n para MACOBA[:ca]IPV inicia les obres del nou centre de transformaci\u00f3 per a MACOBA[:] - IPV SL\",\"isPartOf\":{\"@id\":\"https:\/\/www.ipvsl.com\/#website\"},\"primaryImageOfPage\":{\"@id\":\"https:\/\/www.ipvsl.com\/ipv-inicia-les-obres-del-nou-centre-de-transformacio-per-a-macoba\/#primaryimage\"},\"image\":{\"@id\":\"https:\/\/www.ipvsl.com\/ipv-inicia-les-obres-del-nou-centre-de-transformacio-per-a-macoba\/#primaryimage\"},\"thumbnailUrl\":\"https:\/\/www.ipvsl.com\/wp-content\/uploads\/2018\/08\/macoba-e1537356861487.png\",\"datePublished\":\"2018-08-14T12:55:10+00:00\",\"dateModified\":\"2018-09-19T11:33:06+00:00\",\"author\":{\"@id\":\"https:\/\/www.ipvsl.com\/#\/schema\/person\/d64d9aacb7978c883c2acd678554fd25\"},\"breadcrumb\":{\"@id\":\"https:\/\/www.ipvsl.com\/ipv-inicia-les-obres-del-nou-centre-de-transformacio-per-a-macoba\/#breadcrumb\"},\"inLanguage\":\"es\",\"potentialAction\":[{\"@type\":\"ReadAction\",\"target\":[\"https:\/\/www.ipvsl.com\/ipv-inicia-les-obres-del-nou-centre-de-transformacio-per-a-macoba\/\"]}]},{\"@type\":\"ImageObject\",\"inLanguage\":\"es\",\"@id\":\"https:\/\/www.ipvsl.com\/ipv-inicia-les-obres-del-nou-centre-de-transformacio-per-a-macoba\/#primaryimage\",\"url\":\"https:\/\/www.ipvsl.com\/wp-content\/uploads\/2018\/08\/macoba-e1537356861487.png\",\"contentUrl\":\"https:\/\/www.ipvsl.com\/wp-content\/uploads\/2018\/08\/macoba-e1537356861487.png\",\"width\":970,\"height\":647},{\"@type\":\"BreadcrumbList\",\"@id\":\"https:\/\/www.ipvsl.com\/ipv-inicia-les-obres-del-nou-centre-de-transformacio-per-a-macoba\/#breadcrumb\",\"itemListElement\":[{\"@type\":\"ListItem\",\"position\":1,\"name\":\"Portada\",\"item\":\"https:\/\/www.ipvsl.com\/\"},{\"@type\":\"ListItem\",\"position\":2,\"name\":\"IPV inicia las obras del nuevo centro de transformaci\u00f3n para MACOBA\"}]},{\"@type\":\"WebSite\",\"@id\":\"https:\/\/www.ipvsl.com\/#website\",\"url\":\"https:\/\/www.ipvsl.com\/\",\"name\":\"IPV SL\",\"description\":\"IPV SL\",\"potentialAction\":[{\"@type\":\"SearchAction\",\"target\":{\"@type\":\"EntryPoint\",\"urlTemplate\":\"https:\/\/www.ipvsl.com\/?s={search_term_string}\"},\"query-input\":{\"@type\":\"PropertyValueSpecification\",\"valueRequired\":true,\"valueName\":\"search_term_string\"}}],\"inLanguage\":\"es\"},{\"@type\":\"Person\",\"@id\":\"https:\/\/www.ipvsl.com\/#\/schema\/person\/d64d9aacb7978c883c2acd678554fd25\",\"name\":\"Txell Moragues\",\"image\":{\"@type\":\"ImageObject\",\"inLanguage\":\"es\",\"@id\":\"https:\/\/www.ipvsl.com\/#\/schema\/person\/image\/\",\"url\":\"https:\/\/secure.gravatar.com\/avatar\/0663f85ffea1f1bd091bb905ca1fdb86c0d9bb82ad14b748cb0f028d4adc2ec8?s=96&d=mm&r=g\",\"contentUrl\":\"https:\/\/secure.gravatar.com\/avatar\/0663f85ffea1f1bd091bb905ca1fdb86c0d9bb82ad14b748cb0f028d4adc2ec8?s=96&d=mm&r=g\",\"caption\":\"Txell Moragues\"},\"url\":\"https:\/\/www.ipvsl.com\/es\/author\/carlos\/\"}]}<\/script>\n<!-- \/ Yoast SEO plugin. -->","yoast_head_json":{"title":"[:es]IPV inicia las obras del nuevo centro de transformaci\u00f3n para MACOBA[:ca]IPV inicia les obres del nou centre de transformaci\u00f3 per a MACOBA[:] - IPV SL","robots":{"index":"index","follow":"follow","max-snippet":"max-snippet:-1","max-image-preview":"max-image-preview:large","max-video-preview":"max-video-preview:-1"},"canonical":"https:\/\/www.ipvsl.com\/ipv-inicia-les-obres-del-nou-centre-de-transformacio-per-a-macoba\/","og_locale":"es_ES","og_type":"article","og_title":"[:es]IPV inicia las obras del nuevo centro de transformaci\u00f3n para MACOBA[:ca]IPV inicia les obres del nou centre de transformaci\u00f3 per a MACOBA[:] - IPV SL","og_description":"IPV (Instalaciones y Proyectos de Vanguardia) ha iniciado durante el mes de agosto las obras de construcci\u00f3n del nuevo centro de transformaci\u00f3n para MACOBA, matadero y sala de despiece de referencia en la comarca del Bages. El proyecto consiste en la instalaci\u00f3n de un nuevo centro de transformaci\u00f3n con capacidad para 2 transformadores de 1250 [&hellip;]","og_url":"https:\/\/www.ipvsl.com\/ipv-inicia-les-obres-del-nou-centre-de-transformacio-per-a-macoba\/","og_site_name":"IPV SL","article_published_time":"2018-08-14T12:55:10+00:00","article_modified_time":"2018-09-19T11:33:06+00:00","og_image":[{"width":970,"height":647,"url":"https:\/\/www.ipvsl.com\/wp-content\/uploads\/2018\/08\/macoba-e1537356861487.png","type":"image\/png"}],"author":"Txell Moragues","twitter_card":"summary_large_image","twitter_misc":{"Escrito por":"Txell Moragues","Tiempo de lectura":"2 minutos"},"schema":{"@context":"https:\/\/schema.org","@graph":[{"@type":"WebPage","@id":"https:\/\/www.ipvsl.com\/ipv-inicia-les-obres-del-nou-centre-de-transformacio-per-a-macoba\/","url":"https:\/\/www.ipvsl.com\/ipv-inicia-les-obres-del-nou-centre-de-transformacio-per-a-macoba\/","name":"[:es]IPV inicia las obras del nuevo centro de transformaci\u00f3n para MACOBA[:ca]IPV inicia les obres del nou centre de transformaci\u00f3 per a MACOBA[:] - IPV SL","isPartOf":{"@id":"https:\/\/www.ipvsl.com\/#website"},"primaryImageOfPage":{"@id":"https:\/\/www.ipvsl.com\/ipv-inicia-les-obres-del-nou-centre-de-transformacio-per-a-macoba\/#primaryimage"},"image":{"@id":"https:\/\/www.ipvsl.com\/ipv-inicia-les-obres-del-nou-centre-de-transformacio-per-a-macoba\/#primaryimage"},"thumbnailUrl":"https:\/\/www.ipvsl.com\/wp-content\/uploads\/2018\/08\/macoba-e1537356861487.png","datePublished":"2018-08-14T12:55:10+00:00","dateModified":"2018-09-19T11:33:06+00:00","author":{"@id":"https:\/\/www.ipvsl.com\/#\/schema\/person\/d64d9aacb7978c883c2acd678554fd25"},"breadcrumb":{"@id":"https:\/\/www.ipvsl.com\/ipv-inicia-les-obres-del-nou-centre-de-transformacio-per-a-macoba\/#breadcrumb"},"inLanguage":"es","potentialAction":[{"@type":"ReadAction","target":["https:\/\/www.ipvsl.com\/ipv-inicia-les-obres-del-nou-centre-de-transformacio-per-a-macoba\/"]}]},{"@type":"ImageObject","inLanguage":"es","@id":"https:\/\/www.ipvsl.com\/ipv-inicia-les-obres-del-nou-centre-de-transformacio-per-a-macoba\/#primaryimage","url":"https:\/\/www.ipvsl.com\/wp-content\/uploads\/2018\/08\/macoba-e1537356861487.png","contentUrl":"https:\/\/www.ipvsl.com\/wp-content\/uploads\/2018\/08\/macoba-e1537356861487.png","width":970,"height":647},{"@type":"BreadcrumbList","@id":"https:\/\/www.ipvsl.com\/ipv-inicia-les-obres-del-nou-centre-de-transformacio-per-a-macoba\/#breadcrumb","itemListElement":[{"@type":"ListItem","position":1,"name":"Portada","item":"https:\/\/www.ipvsl.com\/"},{"@type":"ListItem","position":2,"name":"IPV inicia las obras del nuevo centro de transformaci\u00f3n para MACOBA"}]},{"@type":"WebSite","@id":"https:\/\/www.ipvsl.com\/#website","url":"https:\/\/www.ipvsl.com\/","name":"IPV SL","description":"IPV SL","potentialAction":[{"@type":"SearchAction","target":{"@type":"EntryPoint","urlTemplate":"https:\/\/www.ipvsl.com\/?s={search_term_string}"},"query-input":{"@type":"PropertyValueSpecification","valueRequired":true,"valueName":"search_term_string"}}],"inLanguage":"es"},{"@type":"Person","@id":"https:\/\/www.ipvsl.com\/#\/schema\/person\/d64d9aacb7978c883c2acd678554fd25","name":"Txell Moragues","image":{"@type":"ImageObject","inLanguage":"es","@id":"https:\/\/www.ipvsl.com\/#\/schema\/person\/image\/","url":"https:\/\/secure.gravatar.com\/avatar\/0663f85ffea1f1bd091bb905ca1fdb86c0d9bb82ad14b748cb0f028d4adc2ec8?s=96&d=mm&r=g","contentUrl":"https:\/\/secure.gravatar.com\/avatar\/0663f85ffea1f1bd091bb905ca1fdb86c0d9bb82ad14b748cb0f028d4adc2ec8?s=96&d=mm&r=g","caption":"Txell Moragues"},"url":"https:\/\/www.ipvsl.com\/es\/author\/carlos\/"}]}},"_links":{"self":[{"href":"https:\/\/www.ipvsl.com\/es\/wp-json\/wp\/v2\/posts\/1242","targetHints":{"allow":["GET"]}}],"collection":[{"href":"https:\/\/www.ipvsl.com\/es\/wp-json\/wp\/v2\/posts"}],"about":[{"href":"https:\/\/www.ipvsl.com\/es\/wp-json\/wp\/v2\/types\/post"}],"author":[{"embeddable":true,"href":"https:\/\/www.ipvsl.com\/es\/wp-json\/wp\/v2\/users\/3"}],"replies":[{"embeddable":true,"href":"https:\/\/www.ipvsl.com\/es\/wp-json\/wp\/v2\/comments?post=1242"}],"version-history":[{"count":10,"href":"https:\/\/www.ipvsl.com\/es\/wp-json\/wp\/v2\/posts\/1242\/revisions"}],"predecessor-version":[{"id":1254,"href":"https:\/\/www.ipvsl.com\/es\/wp-json\/wp\/v2\/posts\/1242\/revisions\/1254"}],"wp:featuredmedia":[{"embeddable":true,"href":"https:\/\/www.ipvsl.com\/es\/wp-json\/wp\/v2\/media\/1250"}],"wp:attachment":[{"href":"https:\/\/www.ipvsl.com\/es\/wp-json\/wp\/v2\/media?parent=1242"}],"wp:term":[{"taxonomy":"category","embeddable":true,"href":"https:\/\/www.ipvsl.com\/es\/wp-json\/wp\/v2\/categories?post=1242"},{"taxonomy":"post_tag","embeddable":true,"href":"https:\/\/www.ipvsl.com\/es\/wp-json\/wp\/v2\/tags?post=1242"}],"curies":[{"name":"wp","href":"https:\/\/api.w.org\/{rel}","templated":true}]}}